{"id":12872,"date":"2023-05-30T15:25:57","date_gmt":"2023-05-30T13:25:57","guid":{"rendered":"https:\/\/pchtest.procredit-holding.com\/de\/?p=12872"},"modified":"2023-05-30T15:31:30","modified_gmt":"2023-05-30T13:31:30","slug":"procredit-holding-ag-co-kgaa-hebt-ausblick-fur-das-laufende-geschaftsjahr-an-2","status":"publish","type":"post","link":"https:\/\/www.procredit-holding.com\/de\/2023\/05\/30\/procredit-holding-ag-co-kgaa-hebt-ausblick-fur-das-laufende-geschaftsjahr-an-2\/","title":{"rendered":"ProCredit Holding AG &amp; Co. KGaA hebt Ausblick f\u00fcr das laufende Gesch\u00e4ftsjahr an"},"content":{"rendered":"<p>Auf Grundlage des starken Finanzergebnisses im ersten Quartal und aufgrund der weiterhin bestehenden, positiven Entwicklungen wesentlicher Ergebnistreiber hat der Vorstand der ProCredit General Partner AG heute entschieden, den Ausblick f\u00fcr die Eigenkapitalrendite und das Kosten-Ertrags-Verh\u00e4ltnis der Gruppe im laufenden Gesch\u00e4ftsjahr 2023 wie folgt anzuheben:<\/p>\n<p>Der Vorstand erwartet f\u00fcr das Gesch\u00e4ftsjahr 2023 nun eine Eigenkapitalrendite von 8 % bis 10 % und ein Kosten-Ertrags-Verh\u00e4ltnis von 62 % &#8211; 64 %. Dem Ausblick f\u00fcr die Eigenkapitalrendite liegen angenommene Risikokosten von jetzt bis zu 45 Basispunkten zugrunde.<!--more--><\/p>\n<p>Im Prognosebericht des konsolidierten Konzernabschlusses 2022 der ProCredit Holding ver\u00f6ffentlichte der Vorstand f\u00fcr das Gesch\u00e4ftsjahr 2023 noch einen Ausblick f\u00fcr die Eigenkapitalrendite von 6,0 % bis 8,0 % und ein Kosten-Ertrags-Verh\u00e4ltnis auf dem Niveau des Vorjahres von 64,0 % (mit einer Spannbreite von plus und minus einem Prozentpunkt). Dem Ausblick f\u00fcr die Eigenkapitalrendite lagen angenommene Risikokosten von bis zu 70 Basispunkten zugrunde.<\/p>\n<p>Dem neuen, erh\u00f6hten Ausblick unterliegen weiterhin adverse Annahmen f\u00fcr den Rest des Jahres, insbesondere um den andauernden kriegerischen Aktivit\u00e4ten in der Ukraine und den damit verbundenen Unsicherheiten weiterhin Rechnung zu tragen.<\/p>\n<p>Vorstandsvorsitzender Hubert Spechtenhauser kommentierte: \u201eDie \u00fcberzeugenden Ergebnisse des ersten Quartals haben gezeigt, dass wir auf einem sehr guten Weg zur Erreichung unserer kurz- und mittelfristigen Ziele sind. Aufgrund des andauernden Kriegs in der Ukraine planen wir f\u00fcr das Gesch\u00e4ftsjahr 2023 allerdings weiterhin vorsichtig. Unserem neuen Ausblick unterliegen weiterhin Annahmen adverser Rahmenbedingungen hinsichtlich Margen und Risikokosten, von denen wir bis zum aktuellen Zeitpunkt keine konkreten Kenntnisse haben. Insbesondere im zweiten Halbjahr gehen wir zudem von einem weiteren Anstieg der personellen und administrativen Aufwendungen aus. Der nun erh\u00f6hte Ausblick f\u00fcr das Gesch\u00e4ftsjahr 2023 tr\u00e4gt dabei der sehr positiven Ergebnissteigerung im ersten Quartal Rechnung und ber\u00fccksichtigt gleichzeitig unseren umsichtigen Ansatz f\u00fcr den Rest des Jahres. Mittelfristig wollen wir eine Eigenkapitalrendite von ca. 12 % und ein Kosten-Ertrags-Verh\u00e4ltnisses von ca. 57 % ausweisen und wir sehen die Gruppe auf einem sehr guten Weg dorthin.\u201c<\/p>\n<p>Der Ausblick f\u00fcr das Wachstum im Kreditportfolio im mittleren einstelligen Prozentbereich sowie die CET1 Quote von \u00fcber 13 % und die Verschuldungsquote von ca. 9 % wurden im Zuge dieser Anpassungen best\u00e4tigt. F\u00fcr die Berechnung der Kapitalquoten soll ein Drittel der Zwischengewinne des Gesch\u00e4ftsjahres f\u00fcr eine Dividendenzahlung in 2024 zur\u00fcckgestellt werden.<\/p>\n<p><strong>Kontakt:<\/strong><br \/>\nInvestor Relations, ProCredit Holding, Tel.: +49 69 95 14 37 0, E-Mail: <a href=\"mailto:pch.ir@procredit-group.com\">pch.ir@procredit-group.com<\/a><\/p>\n<p><strong>\u00dcber die ProCredit Holding AG &amp; Co. KGaA<\/strong><br \/>\nDie ProCredit Holding AG &amp; Co. KGaA mit Sitz in Frankfurt am Main, Deutschland, ist die Muttergesellschaft der entwicklungsorientierten ProCredit Gruppe, die aus Gesch\u00e4ftsbanken f\u00fcr kleine und mittlere Unternehmen (KMU) mit operativem Fokus auf S\u00fcdost- und Osteuropa besteht. Zus\u00e4tzlich zu diesem regionalen Schwerpunkt ist die ProCredit Gruppe auch in S\u00fcdamerika und in Deutschland t\u00e4tig. Die Aktien des Unternehmens werden im Prime Standard der Frankfurter Wertpapierb\u00f6rse gehandelt. Zu den Kernaktion\u00e4ren der ProCredit Holding AG &amp; Co. KGaA geh\u00f6ren die strategischen Investoren Zeitinger Invest und ProCredit Staff Invest (Investment-Vehikel f\u00fcr ProCredit Mitarbeiter), die KfW, die niederl\u00e4ndische DOEN Participaties BV und seit Kurzem die Europ\u00e4ische Bank f\u00fcr Wiederaufbau und Entwicklung (European Bank for Reconstruction and Development &#8211; EBRD). Die ProCredit Holding AG &amp; Co. KGaA unterliegt als \u00fcbergeordnetes Unternehmen im Sinne des Kreditwesengesetzes der Bundesrepublik Deutschland auf Konzernebene und als Mutterfinanzholdinggesellschaft der ProCredit-Finanzholdinggruppe der Aufsicht durch die Bundesanstalt f\u00fcr Finanzdienstleistungsaufsicht (BaFin) und die Deutsche Bundesbank. Weiterf\u00fchrende Informationen erhalten Sie im Internet auf der Webseite <a href=\"https:\/\/www.procredit-holding.com\/de\/\">https:\/\/www.procredit-holding.com\/de\/<\/a><\/p>\n<p><strong>Zukunftsgerichtete Aussagen<\/strong> <br \/>\nDiese Mitteilung enth\u00e4lt Aussagen, die sich auf unseren k\u00fcnftigen Gesch\u00e4ftsverlauf und k\u00fcnftige finanzielle Leistungsparameter sowie auf k\u00fcnftige die ProCredit Holding betreffende Vorg\u00e4nge oder Entwicklungen beziehen und zukunftsgerichtete Aussagen darstellen k\u00f6nnen. Solche Aussagen beruhen auf den gegenw\u00e4rtigen Erwartungen und bestimmten Annahmen des Managements der ProCredit Holding, von denen zahlreiche au\u00dferhalb des Einflussbereichs der ProCredit Holding liegen. Sie unterliegen daher einer Vielzahl von Risiken, Ungewissheiten und Faktoren. Sollten sich eines oder mehrere dieser Risiken oder Ungewissheiten realisieren oder sollte es sich erweisen, dass die zugrunde liegenden Erwartungen nicht eintreten beziehungsweise Annahmen nicht korrekt waren, k\u00f6nnen die tats\u00e4chlichen Ergebnisse, Leistungen und Erfolge der ProCredit Holding (sowohl negativ als auch positiv) wesentlich von denjenigen Ergebnissen abweichen, die ausdr\u00fccklich oder implizit in der zukunftsgerichteten Aussage genannt worden sind. \u00dcber die gesetzlichen Anforderungen hinaus \u00fcbernimmt die ProCredit Holding keine Verpflichtung und beabsichtigt auch nicht, diese zukunftsgerichteten Aussagen zu aktualisieren oder bei einer anderen als der erwarteten Entwicklung zu korrigieren.<\/p>\n<p>&nbsp;<\/p>\n","protected":false},"excerpt":{"rendered":"<p>Auf Grundlage des starken Finanzergebnisses im ersten Quartal und aufgrund der weiterhin bestehenden, positiven Entwicklungen wesentlicher Ergebnistreiber hat der Vorstand der ProCredit General Partner AG heute entschieden, den Ausblick f\u00fcr die Eigenkapitalrendite und das Kosten-Ertrags-Verh\u00e4ltnis der Gruppe im laufenden Gesch\u00e4ftsjahr 2023 wie folgt anzuheben: Der Vorstand erwartet f\u00fcr das Gesch\u00e4ftsjahr 2023 nun eine Eigenkapitalrendite von &hellip; <\/p>\n<p class=\"link-more\"><a href=\"https:\/\/www.procredit-holding.com\/de\/2023\/05\/30\/procredit-holding-ag-co-kgaa-hebt-ausblick-fur-das-laufende-geschaftsjahr-an-2\/\" class=\"more-link\">Continue reading<span class=\"screen-reader-text\"> &#8220;ProCredit Holding AG &amp; Co. KGaA hebt Ausblick f\u00fcr das laufende Gesch\u00e4ftsjahr an&#8221;<\/span><\/a><\/p>\n","protected":false},"author":4,"featured_media":0,"comment_status":"closed","ping_status":"open","sticky":false,"template":"","format":"standard","meta":{"_acf_changed":false,"footnotes":""},"categories":[1,4],"tags":[],"class_list":["post-12872","post","type-post","status-publish","format-standard","hentry","category-corporate-news","category-press-releases"],"acf":[],"yoast_head":"<!-- This site is optimized with the Yoast SEO plugin v27.5 - https:\/\/yoast.com\/product\/yoast-seo-wordpress\/ -->\n<title>ProCredit Holding AG &amp; Co. KGaA hebt Ausblick f\u00fcr das laufende Gesch\u00e4ftsjahr an - PCH (DE)<\/title>\n<meta name=\"robots\" content=\"index, follow, max-snippet:-1, max-image-preview:large, max-video-preview:-1\" \/>\n<link rel=\"canonical\" href=\"https:\/\/www.procredit-holding.com\/de\/2023\/05\/30\/procredit-holding-ag-co-kgaa-hebt-ausblick-fur-das-laufende-geschaftsjahr-an-2\/\" \/>\n<meta property=\"og:locale\" content=\"en_US\" \/>\n<meta property=\"og:type\" content=\"article\" \/>\n<meta property=\"og:title\" content=\"ProCredit Holding AG &amp; Co. KGaA hebt Ausblick f\u00fcr das laufende Gesch\u00e4ftsjahr an - PCH (DE)\" \/>\n<meta property=\"og:description\" content=\"Auf Grundlage des starken Finanzergebnisses im ersten Quartal und aufgrund der weiterhin bestehenden, positiven Entwicklungen wesentlicher Ergebnistreiber hat der Vorstand der ProCredit General Partner AG heute entschieden, den Ausblick f\u00fcr die Eigenkapitalrendite und das Kosten-Ertrags-Verh\u00e4ltnis der Gruppe im laufenden Gesch\u00e4ftsjahr 2023 wie folgt anzuheben: Der Vorstand erwartet f\u00fcr das Gesch\u00e4ftsjahr 2023 nun eine Eigenkapitalrendite von &hellip; Continue reading &quot;ProCredit Holding AG &amp; Co. KGaA hebt Ausblick f\u00fcr das laufende Gesch\u00e4ftsjahr an&quot;\" \/>\n<meta property=\"og:url\" content=\"https:\/\/www.procredit-holding.com\/de\/2023\/05\/30\/procredit-holding-ag-co-kgaa-hebt-ausblick-fur-das-laufende-geschaftsjahr-an-2\/\" \/>\n<meta property=\"og:site_name\" content=\"PCH (DE)\" \/>\n<meta property=\"article:published_time\" content=\"2023-05-30T13:25:57+00:00\" \/>\n<meta property=\"article:modified_time\" content=\"2023-05-30T13:31:30+00:00\" \/>\n<meta name=\"author\" content=\"Sanda Gvozdenovic\" \/>\n<meta name=\"twitter:card\" content=\"summary_large_image\" \/>\n<meta name=\"twitter:label1\" content=\"Written by\" \/>\n\t<meta name=\"twitter:data1\" content=\"Sanda Gvozdenovic\" \/>\n\t<meta name=\"twitter:label2\" content=\"Est. reading time\" \/>\n\t<meta name=\"twitter:data2\" content=\"4 minutes\" \/>\n<script type=\"application\/ld+json\" class=\"yoast-schema-graph\">{\"@context\":\"https:\\\/\\\/schema.org\",\"@graph\":[{\"@type\":\"Article\",\"@id\":\"https:\\\/\\\/www.procredit-holding.com\\\/de\\\/2023\\\/05\\\/30\\\/procredit-holding-ag-co-kgaa-hebt-ausblick-fur-das-laufende-geschaftsjahr-an-2\\\/#article\",\"isPartOf\":{\"@id\":\"https:\\\/\\\/www.procredit-holding.com\\\/de\\\/2023\\\/05\\\/30\\\/procredit-holding-ag-co-kgaa-hebt-ausblick-fur-das-laufende-geschaftsjahr-an-2\\\/\"},\"author\":{\"name\":\"Sanda Gvozdenovic\",\"@id\":\"https:\\\/\\\/www.procredit-holding.com\\\/de\\\/#\\\/schema\\\/person\\\/9effcdf0f448e0c4f2c7a7814b6173ab\"},\"headline\":\"ProCredit Holding AG &amp; Co. KGaA hebt Ausblick f\u00fcr das laufende Gesch\u00e4ftsjahr an\",\"datePublished\":\"2023-05-30T13:25:57+00:00\",\"dateModified\":\"2023-05-30T13:31:30+00:00\",\"mainEntityOfPage\":{\"@id\":\"https:\\\/\\\/www.procredit-holding.com\\\/de\\\/2023\\\/05\\\/30\\\/procredit-holding-ag-co-kgaa-hebt-ausblick-fur-das-laufende-geschaftsjahr-an-2\\\/\"},\"wordCount\":751,\"publisher\":{\"@id\":\"https:\\\/\\\/www.procredit-holding.com\\\/de\\\/#organization\"},\"articleSection\":[\"Corporate News\",\"Pressemitteilungen\"],\"inLanguage\":\"en-US\"},{\"@type\":\"WebPage\",\"@id\":\"https:\\\/\\\/www.procredit-holding.com\\\/de\\\/2023\\\/05\\\/30\\\/procredit-holding-ag-co-kgaa-hebt-ausblick-fur-das-laufende-geschaftsjahr-an-2\\\/\",\"url\":\"https:\\\/\\\/www.procredit-holding.com\\\/de\\\/2023\\\/05\\\/30\\\/procredit-holding-ag-co-kgaa-hebt-ausblick-fur-das-laufende-geschaftsjahr-an-2\\\/\",\"name\":\"ProCredit Holding AG &amp; Co. KGaA hebt Ausblick f\u00fcr das laufende Gesch\u00e4ftsjahr an - PCH (DE)\",\"isPartOf\":{\"@id\":\"https:\\\/\\\/www.procredit-holding.com\\\/de\\\/#website\"},\"datePublished\":\"2023-05-30T13:25:57+00:00\",\"dateModified\":\"2023-05-30T13:31:30+00:00\",\"breadcrumb\":{\"@id\":\"https:\\\/\\\/www.procredit-holding.com\\\/de\\\/2023\\\/05\\\/30\\\/procredit-holding-ag-co-kgaa-hebt-ausblick-fur-das-laufende-geschaftsjahr-an-2\\\/#breadcrumb\"},\"inLanguage\":\"en-US\",\"potentialAction\":[{\"@type\":\"ReadAction\",\"target\":[\"https:\\\/\\\/www.procredit-holding.com\\\/de\\\/2023\\\/05\\\/30\\\/procredit-holding-ag-co-kgaa-hebt-ausblick-fur-das-laufende-geschaftsjahr-an-2\\\/\"]}]},{\"@type\":\"BreadcrumbList\",\"@id\":\"https:\\\/\\\/www.procredit-holding.com\\\/de\\\/2023\\\/05\\\/30\\\/procredit-holding-ag-co-kgaa-hebt-ausblick-fur-das-laufende-geschaftsjahr-an-2\\\/#breadcrumb\",\"itemListElement\":[{\"@type\":\"ListItem\",\"position\":1,\"name\":\"Home\",\"item\":\"https:\\\/\\\/www.procredit-holding.com\\\/de\\\/\"},{\"@type\":\"ListItem\",\"position\":2,\"name\":\"ProCredit Holding AG &amp; Co. KGaA hebt Ausblick f\u00fcr das laufende Gesch\u00e4ftsjahr an\"}]},{\"@type\":\"WebSite\",\"@id\":\"https:\\\/\\\/www.procredit-holding.com\\\/de\\\/#website\",\"url\":\"https:\\\/\\\/www.procredit-holding.com\\\/de\\\/\",\"name\":\"ProCredit Holding (de)\",\"description\":\"An international development-oriented commercial banking group\",\"publisher\":{\"@id\":\"https:\\\/\\\/www.procredit-holding.com\\\/de\\\/#organization\"},\"potentialAction\":[{\"@type\":\"SearchAction\",\"target\":{\"@type\":\"EntryPoint\",\"urlTemplate\":\"https:\\\/\\\/www.procredit-holding.com\\\/de\\\/?s={search_term_string}\"},\"query-input\":{\"@type\":\"PropertyValueSpecification\",\"valueRequired\":true,\"valueName\":\"search_term_string\"}}],\"inLanguage\":\"en-US\"},{\"@type\":\"Organization\",\"@id\":\"https:\\\/\\\/www.procredit-holding.com\\\/de\\\/#organization\",\"name\":\"ProCredit Holding AG\",\"url\":\"https:\\\/\\\/www.procredit-holding.com\\\/de\\\/\",\"logo\":{\"@type\":\"ImageObject\",\"inLanguage\":\"en-US\",\"@id\":\"https:\\\/\\\/www.procredit-holding.com\\\/de\\\/#\\\/schema\\\/logo\\\/image\\\/\",\"url\":\"https:\\\/\\\/www.procredit-holding.com\\\/de\\\/wp-content\\\/uploads\\\/sites\\\/2\\\/2017\\\/05\\\/logo-pch.png\",\"contentUrl\":\"https:\\\/\\\/www.procredit-holding.com\\\/de\\\/wp-content\\\/uploads\\\/sites\\\/2\\\/2017\\\/05\\\/logo-pch.png\",\"width\":265,\"height\":90,\"caption\":\"ProCredit Holding AG\"},\"image\":{\"@id\":\"https:\\\/\\\/www.procredit-holding.com\\\/de\\\/#\\\/schema\\\/logo\\\/image\\\/\"},\"sameAs\":[\"https:\\\/\\\/www.linkedin.com\\\/company\\\/procredit-holding\"]},{\"@type\":\"Person\",\"@id\":\"https:\\\/\\\/www.procredit-holding.com\\\/de\\\/#\\\/schema\\\/person\\\/9effcdf0f448e0c4f2c7a7814b6173ab\",\"name\":\"Sanda Gvozdenovic\",\"image\":{\"@type\":\"ImageObject\",\"inLanguage\":\"en-US\",\"@id\":\"https:\\\/\\\/secure.gravatar.com\\\/avatar\\\/53db8b5e1f19e3c9d02cd415ca3e498e0a77551b33c500c026f04ea17a0d1a63?s=96&d=mm&r=g\",\"url\":\"https:\\\/\\\/secure.gravatar.com\\\/avatar\\\/53db8b5e1f19e3c9d02cd415ca3e498e0a77551b33c500c026f04ea17a0d1a63?s=96&d=mm&r=g\",\"contentUrl\":\"https:\\\/\\\/secure.gravatar.com\\\/avatar\\\/53db8b5e1f19e3c9d02cd415ca3e498e0a77551b33c500c026f04ea17a0d1a63?s=96&d=mm&r=g\",\"caption\":\"Sanda Gvozdenovic\"},\"sameAs\":[\"https:\\\/\\\/www.procredit-holding.com\\\/\"],\"url\":\"https:\\\/\\\/www.procredit-holding.com\\\/de\\\/author\\\/sgvozdenovic\\\/\"}]}<\/script>\n<!-- \/ Yoast SEO plugin. -->","yoast_head_json":{"title":"ProCredit Holding AG &amp; Co. KGaA hebt Ausblick f\u00fcr das laufende Gesch\u00e4ftsjahr an - PCH (DE)","robots":{"index":"index","follow":"follow","max-snippet":"max-snippet:-1","max-image-preview":"max-image-preview:large","max-video-preview":"max-video-preview:-1"},"canonical":"https:\/\/www.procredit-holding.com\/de\/2023\/05\/30\/procredit-holding-ag-co-kgaa-hebt-ausblick-fur-das-laufende-geschaftsjahr-an-2\/","og_locale":"en_US","og_type":"article","og_title":"ProCredit Holding AG &amp; Co. KGaA hebt Ausblick f\u00fcr das laufende Gesch\u00e4ftsjahr an - PCH (DE)","og_description":"Auf Grundlage des starken Finanzergebnisses im ersten Quartal und aufgrund der weiterhin bestehenden, positiven Entwicklungen wesentlicher Ergebnistreiber hat der Vorstand der ProCredit General Partner AG heute entschieden, den Ausblick f\u00fcr die Eigenkapitalrendite und das Kosten-Ertrags-Verh\u00e4ltnis der Gruppe im laufenden Gesch\u00e4ftsjahr 2023 wie folgt anzuheben: Der Vorstand erwartet f\u00fcr das Gesch\u00e4ftsjahr 2023 nun eine Eigenkapitalrendite von &hellip; Continue reading \"ProCredit Holding AG &amp; Co. KGaA hebt Ausblick f\u00fcr das laufende Gesch\u00e4ftsjahr an\"","og_url":"https:\/\/www.procredit-holding.com\/de\/2023\/05\/30\/procredit-holding-ag-co-kgaa-hebt-ausblick-fur-das-laufende-geschaftsjahr-an-2\/","og_site_name":"PCH (DE)","article_published_time":"2023-05-30T13:25:57+00:00","article_modified_time":"2023-05-30T13:31:30+00:00","author":"Sanda Gvozdenovic","twitter_card":"summary_large_image","twitter_misc":{"Written by":"Sanda Gvozdenovic","Est. reading time":"4 minutes"},"schema":{"@context":"https:\/\/schema.org","@graph":[{"@type":"Article","@id":"https:\/\/www.procredit-holding.com\/de\/2023\/05\/30\/procredit-holding-ag-co-kgaa-hebt-ausblick-fur-das-laufende-geschaftsjahr-an-2\/#article","isPartOf":{"@id":"https:\/\/www.procredit-holding.com\/de\/2023\/05\/30\/procredit-holding-ag-co-kgaa-hebt-ausblick-fur-das-laufende-geschaftsjahr-an-2\/"},"author":{"name":"Sanda Gvozdenovic","@id":"https:\/\/www.procredit-holding.com\/de\/#\/schema\/person\/9effcdf0f448e0c4f2c7a7814b6173ab"},"headline":"ProCredit Holding AG &amp; Co. KGaA hebt Ausblick f\u00fcr das laufende Gesch\u00e4ftsjahr an","datePublished":"2023-05-30T13:25:57+00:00","dateModified":"2023-05-30T13:31:30+00:00","mainEntityOfPage":{"@id":"https:\/\/www.procredit-holding.com\/de\/2023\/05\/30\/procredit-holding-ag-co-kgaa-hebt-ausblick-fur-das-laufende-geschaftsjahr-an-2\/"},"wordCount":751,"publisher":{"@id":"https:\/\/www.procredit-holding.com\/de\/#organization"},"articleSection":["Corporate News","Pressemitteilungen"],"inLanguage":"en-US"},{"@type":"WebPage","@id":"https:\/\/www.procredit-holding.com\/de\/2023\/05\/30\/procredit-holding-ag-co-kgaa-hebt-ausblick-fur-das-laufende-geschaftsjahr-an-2\/","url":"https:\/\/www.procredit-holding.com\/de\/2023\/05\/30\/procredit-holding-ag-co-kgaa-hebt-ausblick-fur-das-laufende-geschaftsjahr-an-2\/","name":"ProCredit Holding AG &amp; Co. KGaA hebt Ausblick f\u00fcr das laufende Gesch\u00e4ftsjahr an - PCH (DE)","isPartOf":{"@id":"https:\/\/www.procredit-holding.com\/de\/#website"},"datePublished":"2023-05-30T13:25:57+00:00","dateModified":"2023-05-30T13:31:30+00:00","breadcrumb":{"@id":"https:\/\/www.procredit-holding.com\/de\/2023\/05\/30\/procredit-holding-ag-co-kgaa-hebt-ausblick-fur-das-laufende-geschaftsjahr-an-2\/#breadcrumb"},"inLanguage":"en-US","potentialAction":[{"@type":"ReadAction","target":["https:\/\/www.procredit-holding.com\/de\/2023\/05\/30\/procredit-holding-ag-co-kgaa-hebt-ausblick-fur-das-laufende-geschaftsjahr-an-2\/"]}]},{"@type":"BreadcrumbList","@id":"https:\/\/www.procredit-holding.com\/de\/2023\/05\/30\/procredit-holding-ag-co-kgaa-hebt-ausblick-fur-das-laufende-geschaftsjahr-an-2\/#breadcrumb","itemListElement":[{"@type":"ListItem","position":1,"name":"Home","item":"https:\/\/www.procredit-holding.com\/de\/"},{"@type":"ListItem","position":2,"name":"ProCredit Holding AG &amp; Co. KGaA hebt Ausblick f\u00fcr das laufende Gesch\u00e4ftsjahr an"}]},{"@type":"WebSite","@id":"https:\/\/www.procredit-holding.com\/de\/#website","url":"https:\/\/www.procredit-holding.com\/de\/","name":"ProCredit Holding (de)","description":"An international development-oriented commercial banking group","publisher":{"@id":"https:\/\/www.procredit-holding.com\/de\/#organization"},"potentialAction":[{"@type":"SearchAction","target":{"@type":"EntryPoint","urlTemplate":"https:\/\/www.procredit-holding.com\/de\/?s={search_term_string}"},"query-input":{"@type":"PropertyValueSpecification","valueRequired":true,"valueName":"search_term_string"}}],"inLanguage":"en-US"},{"@type":"Organization","@id":"https:\/\/www.procredit-holding.com\/de\/#organization","name":"ProCredit Holding AG","url":"https:\/\/www.procredit-holding.com\/de\/","logo":{"@type":"ImageObject","inLanguage":"en-US","@id":"https:\/\/www.procredit-holding.com\/de\/#\/schema\/logo\/image\/","url":"https:\/\/www.procredit-holding.com\/de\/wp-content\/uploads\/sites\/2\/2017\/05\/logo-pch.png","contentUrl":"https:\/\/www.procredit-holding.com\/de\/wp-content\/uploads\/sites\/2\/2017\/05\/logo-pch.png","width":265,"height":90,"caption":"ProCredit Holding AG"},"image":{"@id":"https:\/\/www.procredit-holding.com\/de\/#\/schema\/logo\/image\/"},"sameAs":["https:\/\/www.linkedin.com\/company\/procredit-holding"]},{"@type":"Person","@id":"https:\/\/www.procredit-holding.com\/de\/#\/schema\/person\/9effcdf0f448e0c4f2c7a7814b6173ab","name":"Sanda Gvozdenovic","image":{"@type":"ImageObject","inLanguage":"en-US","@id":"https:\/\/secure.gravatar.com\/avatar\/53db8b5e1f19e3c9d02cd415ca3e498e0a77551b33c500c026f04ea17a0d1a63?s=96&d=mm&r=g","url":"https:\/\/secure.gravatar.com\/avatar\/53db8b5e1f19e3c9d02cd415ca3e498e0a77551b33c500c026f04ea17a0d1a63?s=96&d=mm&r=g","contentUrl":"https:\/\/secure.gravatar.com\/avatar\/53db8b5e1f19e3c9d02cd415ca3e498e0a77551b33c500c026f04ea17a0d1a63?s=96&d=mm&r=g","caption":"Sanda Gvozdenovic"},"sameAs":["https:\/\/www.procredit-holding.com\/"],"url":"https:\/\/www.procredit-holding.com\/de\/author\/sgvozdenovic\/"}]}},"_links":{"self":[{"href":"https:\/\/www.procredit-holding.com\/de\/wp-json\/wp\/v2\/posts\/12872","targetHints":{"allow":["GET"]}}],"collection":[{"href":"https:\/\/www.procredit-holding.com\/de\/wp-json\/wp\/v2\/posts"}],"about":[{"href":"https:\/\/www.procredit-holding.com\/de\/wp-json\/wp\/v2\/types\/post"}],"author":[{"embeddable":true,"href":"https:\/\/www.procredit-holding.com\/de\/wp-json\/wp\/v2\/users\/4"}],"replies":[{"embeddable":true,"href":"https:\/\/www.procredit-holding.com\/de\/wp-json\/wp\/v2\/comments?post=12872"}],"version-history":[{"count":3,"href":"https:\/\/www.procredit-holding.com\/de\/wp-json\/wp\/v2\/posts\/12872\/revisions"}],"predecessor-version":[{"id":12875,"href":"https:\/\/www.procredit-holding.com\/de\/wp-json\/wp\/v2\/posts\/12872\/revisions\/12875"}],"wp:attachment":[{"href":"https:\/\/www.procredit-holding.com\/de\/wp-json\/wp\/v2\/media?parent=12872"}],"wp:term":[{"taxonomy":"category","embeddable":true,"href":"https:\/\/www.procredit-holding.com\/de\/wp-json\/wp\/v2\/categories?post=12872"},{"taxonomy":"post_tag","embeddable":true,"href":"https:\/\/www.procredit-holding.com\/de\/wp-json\/wp\/v2\/tags?post=12872"}],"curies":[{"name":"wp","href":"https:\/\/api.w.org\/{rel}","templated":true}]}}