{"id":13515,"date":"2024-03-12T13:52:33","date_gmt":"2024-03-12T11:52:33","guid":{"rendered":"https:\/\/pchtest.procredit-holding.com\/de\/?p=13515"},"modified":"2025-05-19T16:51:57","modified_gmt":"2025-05-19T14:51:57","slug":"procredit-holding-ag-hebt-mittelfristigen-ausblick-fuer-die-eigenkapitalrendite-im-kontext-der-aktualisierten-geschaeftsstrategie-der-gruppe-an","status":"publish","type":"post","link":"https:\/\/www.procredit-holding.com\/de\/2024\/03\/12\/procredit-holding-ag-hebt-mittelfristigen-ausblick-fuer-die-eigenkapitalrendite-im-kontext-der-aktualisierten-geschaeftsstrategie-der-gruppe-an\/","title":{"rendered":"ProCredit Holding AG hebt mittelfristigen Ausblick f\u00fcr die Eigenkapitalrendite im Kontext der aktualisierten Gesch\u00e4ftsstrategie der Gruppe an"},"content":{"rendered":"<p>Vor dem Hintergrund der Aktualisierung der Gesch\u00e4ftsstrategie der Gruppe hat der Vorstand der ProCredit Holding AG heute beschlossen, den mittelfristigen Ausblick f\u00fcr die Eigenkapitalrendite der Gruppe von ca. 12 % auf ca. 13 &#8211; 14 % anzuheben.<\/p>\n<p><!--more--><\/p>\n<p>Die ProCredit Gruppe wird am 21. M\u00e4rz 2024 ihren zweiten Kapitalmarkttag abhalten und dabei sowohl \u00fcber die aktualisierte Gesch\u00e4ftsstrategie der Gruppe als auch \u00fcber den Hintergrund des neuen mittelfristigen Ausblicks informieren. Der Gesch\u00e4ftsbericht 2023 der ProCredit Gruppe und das Impact Report Package 2023 werden am 20. M\u00e4rz 2024 ver\u00f6ffentlicht.<\/p>\n<p><strong>Kontakt:<\/strong> <br \/>\nAndrea Kaufmann, Group Communications, ProCredit Holding, Tel.: +49 69 95 14 37 138, <br \/>\nE-mail: <a href=\"mailto:Andrea.Kaufmann@procredit-group.com\">Andrea.Kaufmann@procredit-group.com<\/a><\/p>\n<p><strong>\u00dcber die ProCredit Holding AG<\/strong><br \/>\nDie ProCredit Holding AG mit Sitz in Frankfurt am Main, Deutschland, ist die Muttergesellschaft der entwicklungsorientierten ProCredit Gruppe, die aus Gesch\u00e4ftsbanken f\u00fcr kleine und mittlere Unternehmen (KMU) mit operativem Fokus auf S\u00fcdost- und Osteuropa besteht. Zus\u00e4tzlich zu diesem regionalen Schwerpunkt ist die ProCredit Gruppe auch in S\u00fcdamerika und in Deutschland t\u00e4tig. Die Aktien des Unternehmens werden im Prime Standard der Frankfurter Wertpapierb\u00f6rse gehandelt. Zu den Hauptaktion\u00e4ren der ProCredit Holding AG geh\u00f6ren die strategischen Investoren Zeitinger Invest GmbH und ProCredit Staff Invest GmbH &amp; Co KG (Investment-Vehikel f\u00fcr ProCredit Mitarbeiter), die KfW, die niederl\u00e4ndische DOEN Participaties BV und die Europ\u00e4ische Bank f\u00fcr Wiederaufbau und Entwicklung (European Bank for Reconstruction and Development \u2013 EBRD). Die ProCredit Holding AG unterliegt als \u00fcbergeordnetes Unternehmen im Sinne des Kreditwesengesetzes der Bundesrepublik Deutschland auf Konzernebene und als Mutterfinanzholdinggesellschaft der ProCredit-Finanzholdinggruppe der Aufsicht durch die Bundesanstalt f\u00fcr Finanzdienstleistungsaufsicht (BaFin) und die Deutsche Bundesbank. Weiterf\u00fchrende Informationen erhalten Sie im Internet auf der Webseite https:\/\/www.procredit-holding.com\/de\/<\/p>\n<p><strong>Zukunftsgerichtete Aussagen <\/strong><br \/>\nDiese Mitteilung enth\u00e4lt Aussagen, die sich auf unseren k\u00fcnftigen Gesch\u00e4ftsverlauf und k\u00fcnftige finanzielle Leistungsparameter sowie auf k\u00fcnftige die ProCredit Holding betreffende Vorg\u00e4nge oder Entwicklungen beziehen und zukunftsgerichtete Aussagen darstellen k\u00f6nnen. Solche Aussagen beruhen auf den gegenw\u00e4rtigen Erwartungen und bestimmten Annahmen des Managements der ProCredit Holding, von denen zahlreiche au\u00dferhalb des Einflussbereichs der ProCredit Holding liegen. Sie unterliegen daher einer Vielzahl von Risiken, Ungewissheiten und Faktoren. Sollten sich eines oder mehrere dieser Risiken oder Ungewissheiten realisieren oder sollte es sich erweisen, dass die zugrunde liegenden Erwartungen nicht eintreten beziehungsweise Annahmen nicht korrekt waren, k\u00f6nnen die tats\u00e4chlichen Ergebnisse, Leistungen und Erfolge der ProCredit Holding (sowohl negativ als auch positiv) wesentlich von denjenigen Ergebnissen abweichen, die ausdr\u00fccklich oder implizit in der zukunftsgerichteten Aussage genannt worden sind. \u00dcber die gesetzlichen Anforderungen hinaus \u00fcbernimmt die ProCredit Holding keine Verpflichtung und beabsichtigt auch nicht, diese zukunftsgerichteten Aussagen zu aktualisieren oder bei einer anderen als der erwarteten Entwicklung zu korrigieren.<\/p>\n","protected":false},"excerpt":{"rendered":"<p>Vor dem Hintergrund der Aktualisierung der Gesch\u00e4ftsstrategie der Gruppe hat der Vorstand der ProCredit Holding AG heute beschlossen, den mittelfristigen Ausblick f\u00fcr die Eigenkapitalrendite der Gruppe von ca. 12 % auf ca. 13 &#8211; 14 % anzuheben.<\/p>\n","protected":false},"author":4,"featured_media":0,"comment_status":"closed","ping_status":"open","sticky":false,"template":"","format":"standard","meta":{"_acf_changed":false,"footnotes":""},"categories":[1,4],"tags":[150],"class_list":["post-13515","post","type-post","status-publish","format-standard","hentry","category-corporate-news","category-press-releases","tag-frankfurt-am-main"],"acf":[],"yoast_head":"<!-- This site is optimized with the Yoast SEO plugin v27.5 - https:\/\/yoast.com\/product\/yoast-seo-wordpress\/ -->\n<title>ProCredit Holding AG hebt mittelfristigen Ausblick f\u00fcr die Eigenkapitalrendite im Kontext der aktualisierten Gesch\u00e4ftsstrategie der Gruppe an - PCH (DE)<\/title>\n<meta name=\"robots\" content=\"index, follow, max-snippet:-1, max-image-preview:large, max-video-preview:-1\" \/>\n<link rel=\"canonical\" href=\"https:\/\/www.procredit-holding.com\/de\/2024\/03\/12\/procredit-holding-ag-hebt-mittelfristigen-ausblick-fuer-die-eigenkapitalrendite-im-kontext-der-aktualisierten-geschaeftsstrategie-der-gruppe-an\/\" \/>\n<meta property=\"og:locale\" content=\"en_US\" \/>\n<meta property=\"og:type\" content=\"article\" \/>\n<meta property=\"og:title\" content=\"ProCredit Holding AG hebt mittelfristigen Ausblick f\u00fcr die Eigenkapitalrendite im Kontext der aktualisierten Gesch\u00e4ftsstrategie der Gruppe an - PCH (DE)\" \/>\n<meta property=\"og:description\" content=\"Vor dem Hintergrund der Aktualisierung der Gesch\u00e4ftsstrategie der Gruppe hat der Vorstand der ProCredit Holding AG heute beschlossen, den mittelfristigen Ausblick f\u00fcr die Eigenkapitalrendite der Gruppe von ca. 12 % auf ca. 13 &#8211; 14 % anzuheben.\" \/>\n<meta property=\"og:url\" content=\"https:\/\/www.procredit-holding.com\/de\/2024\/03\/12\/procredit-holding-ag-hebt-mittelfristigen-ausblick-fuer-die-eigenkapitalrendite-im-kontext-der-aktualisierten-geschaeftsstrategie-der-gruppe-an\/\" \/>\n<meta property=\"og:site_name\" content=\"PCH (DE)\" \/>\n<meta property=\"article:published_time\" content=\"2024-03-12T11:52:33+00:00\" \/>\n<meta property=\"article:modified_time\" content=\"2025-05-19T14:51:57+00:00\" \/>\n<meta name=\"author\" content=\"Sanda Gvozdenovic\" \/>\n<meta name=\"twitter:card\" content=\"summary_large_image\" \/>\n<meta name=\"twitter:label1\" content=\"Written by\" \/>\n\t<meta name=\"twitter:data1\" content=\"Sanda Gvozdenovic\" \/>\n\t<meta name=\"twitter:label2\" content=\"Est. reading time\" \/>\n\t<meta name=\"twitter:data2\" content=\"2 minutes\" \/>\n<script type=\"application\/ld+json\" class=\"yoast-schema-graph\">{\"@context\":\"https:\\\/\\\/schema.org\",\"@graph\":[{\"@type\":\"Article\",\"@id\":\"https:\\\/\\\/www.procredit-holding.com\\\/de\\\/2024\\\/03\\\/12\\\/procredit-holding-ag-hebt-mittelfristigen-ausblick-fuer-die-eigenkapitalrendite-im-kontext-der-aktualisierten-geschaeftsstrategie-der-gruppe-an\\\/#article\",\"isPartOf\":{\"@id\":\"https:\\\/\\\/www.procredit-holding.com\\\/de\\\/2024\\\/03\\\/12\\\/procredit-holding-ag-hebt-mittelfristigen-ausblick-fuer-die-eigenkapitalrendite-im-kontext-der-aktualisierten-geschaeftsstrategie-der-gruppe-an\\\/\"},\"author\":{\"name\":\"Sanda Gvozdenovic\",\"@id\":\"https:\\\/\\\/www.procredit-holding.com\\\/de\\\/#\\\/schema\\\/person\\\/9effcdf0f448e0c4f2c7a7814b6173ab\"},\"headline\":\"ProCredit Holding AG hebt mittelfristigen Ausblick f\u00fcr die Eigenkapitalrendite im Kontext der aktualisierten Gesch\u00e4ftsstrategie der Gruppe an\",\"datePublished\":\"2024-03-12T11:52:33+00:00\",\"dateModified\":\"2025-05-19T14:51:57+00:00\",\"mainEntityOfPage\":{\"@id\":\"https:\\\/\\\/www.procredit-holding.com\\\/de\\\/2024\\\/03\\\/12\\\/procredit-holding-ag-hebt-mittelfristigen-ausblick-fuer-die-eigenkapitalrendite-im-kontext-der-aktualisierten-geschaeftsstrategie-der-gruppe-an\\\/\"},\"wordCount\":460,\"publisher\":{\"@id\":\"https:\\\/\\\/www.procredit-holding.com\\\/de\\\/#organization\"},\"keywords\":[\"Frankfurt am Main\"],\"articleSection\":[\"Corporate News\",\"Pressemitteilungen\"],\"inLanguage\":\"en-US\"},{\"@type\":\"WebPage\",\"@id\":\"https:\\\/\\\/www.procredit-holding.com\\\/de\\\/2024\\\/03\\\/12\\\/procredit-holding-ag-hebt-mittelfristigen-ausblick-fuer-die-eigenkapitalrendite-im-kontext-der-aktualisierten-geschaeftsstrategie-der-gruppe-an\\\/\",\"url\":\"https:\\\/\\\/www.procredit-holding.com\\\/de\\\/2024\\\/03\\\/12\\\/procredit-holding-ag-hebt-mittelfristigen-ausblick-fuer-die-eigenkapitalrendite-im-kontext-der-aktualisierten-geschaeftsstrategie-der-gruppe-an\\\/\",\"name\":\"ProCredit Holding AG hebt mittelfristigen Ausblick f\u00fcr die Eigenkapitalrendite im Kontext der aktualisierten Gesch\u00e4ftsstrategie der Gruppe an - PCH (DE)\",\"isPartOf\":{\"@id\":\"https:\\\/\\\/www.procredit-holding.com\\\/de\\\/#website\"},\"datePublished\":\"2024-03-12T11:52:33+00:00\",\"dateModified\":\"2025-05-19T14:51:57+00:00\",\"breadcrumb\":{\"@id\":\"https:\\\/\\\/www.procredit-holding.com\\\/de\\\/2024\\\/03\\\/12\\\/procredit-holding-ag-hebt-mittelfristigen-ausblick-fuer-die-eigenkapitalrendite-im-kontext-der-aktualisierten-geschaeftsstrategie-der-gruppe-an\\\/#breadcrumb\"},\"inLanguage\":\"en-US\",\"potentialAction\":[{\"@type\":\"ReadAction\",\"target\":[\"https:\\\/\\\/www.procredit-holding.com\\\/de\\\/2024\\\/03\\\/12\\\/procredit-holding-ag-hebt-mittelfristigen-ausblick-fuer-die-eigenkapitalrendite-im-kontext-der-aktualisierten-geschaeftsstrategie-der-gruppe-an\\\/\"]}]},{\"@type\":\"BreadcrumbList\",\"@id\":\"https:\\\/\\\/www.procredit-holding.com\\\/de\\\/2024\\\/03\\\/12\\\/procredit-holding-ag-hebt-mittelfristigen-ausblick-fuer-die-eigenkapitalrendite-im-kontext-der-aktualisierten-geschaeftsstrategie-der-gruppe-an\\\/#breadcrumb\",\"itemListElement\":[{\"@type\":\"ListItem\",\"position\":1,\"name\":\"Home\",\"item\":\"https:\\\/\\\/www.procredit-holding.com\\\/de\\\/\"},{\"@type\":\"ListItem\",\"position\":2,\"name\":\"ProCredit Holding AG hebt mittelfristigen Ausblick f\u00fcr die Eigenkapitalrendite im Kontext der aktualisierten Gesch\u00e4ftsstrategie der Gruppe an\"}]},{\"@type\":\"WebSite\",\"@id\":\"https:\\\/\\\/www.procredit-holding.com\\\/de\\\/#website\",\"url\":\"https:\\\/\\\/www.procredit-holding.com\\\/de\\\/\",\"name\":\"ProCredit Holding (de)\",\"description\":\"An international development-oriented commercial banking group\",\"publisher\":{\"@id\":\"https:\\\/\\\/www.procredit-holding.com\\\/de\\\/#organization\"},\"potentialAction\":[{\"@type\":\"SearchAction\",\"target\":{\"@type\":\"EntryPoint\",\"urlTemplate\":\"https:\\\/\\\/www.procredit-holding.com\\\/de\\\/?s={search_term_string}\"},\"query-input\":{\"@type\":\"PropertyValueSpecification\",\"valueRequired\":true,\"valueName\":\"search_term_string\"}}],\"inLanguage\":\"en-US\"},{\"@type\":\"Organization\",\"@id\":\"https:\\\/\\\/www.procredit-holding.com\\\/de\\\/#organization\",\"name\":\"ProCredit Holding AG\",\"url\":\"https:\\\/\\\/www.procredit-holding.com\\\/de\\\/\",\"logo\":{\"@type\":\"ImageObject\",\"inLanguage\":\"en-US\",\"@id\":\"https:\\\/\\\/www.procredit-holding.com\\\/de\\\/#\\\/schema\\\/logo\\\/image\\\/\",\"url\":\"https:\\\/\\\/www.procredit-holding.com\\\/de\\\/wp-content\\\/uploads\\\/sites\\\/2\\\/2017\\\/05\\\/logo-pch.png\",\"contentUrl\":\"https:\\\/\\\/www.procredit-holding.com\\\/de\\\/wp-content\\\/uploads\\\/sites\\\/2\\\/2017\\\/05\\\/logo-pch.png\",\"width\":265,\"height\":90,\"caption\":\"ProCredit Holding AG\"},\"image\":{\"@id\":\"https:\\\/\\\/www.procredit-holding.com\\\/de\\\/#\\\/schema\\\/logo\\\/image\\\/\"},\"sameAs\":[\"https:\\\/\\\/www.linkedin.com\\\/company\\\/procredit-holding\"]},{\"@type\":\"Person\",\"@id\":\"https:\\\/\\\/www.procredit-holding.com\\\/de\\\/#\\\/schema\\\/person\\\/9effcdf0f448e0c4f2c7a7814b6173ab\",\"name\":\"Sanda Gvozdenovic\",\"image\":{\"@type\":\"ImageObject\",\"inLanguage\":\"en-US\",\"@id\":\"https:\\\/\\\/secure.gravatar.com\\\/avatar\\\/53db8b5e1f19e3c9d02cd415ca3e498e0a77551b33c500c026f04ea17a0d1a63?s=96&d=mm&r=g\",\"url\":\"https:\\\/\\\/secure.gravatar.com\\\/avatar\\\/53db8b5e1f19e3c9d02cd415ca3e498e0a77551b33c500c026f04ea17a0d1a63?s=96&d=mm&r=g\",\"contentUrl\":\"https:\\\/\\\/secure.gravatar.com\\\/avatar\\\/53db8b5e1f19e3c9d02cd415ca3e498e0a77551b33c500c026f04ea17a0d1a63?s=96&d=mm&r=g\",\"caption\":\"Sanda Gvozdenovic\"},\"sameAs\":[\"https:\\\/\\\/www.procredit-holding.com\\\/\"],\"url\":\"https:\\\/\\\/www.procredit-holding.com\\\/de\\\/author\\\/sgvozdenovic\\\/\"}]}<\/script>\n<!-- \/ Yoast SEO plugin. -->","yoast_head_json":{"title":"ProCredit Holding AG hebt mittelfristigen Ausblick f\u00fcr die Eigenkapitalrendite im Kontext der aktualisierten Gesch\u00e4ftsstrategie der Gruppe an - PCH (DE)","robots":{"index":"index","follow":"follow","max-snippet":"max-snippet:-1","max-image-preview":"max-image-preview:large","max-video-preview":"max-video-preview:-1"},"canonical":"https:\/\/www.procredit-holding.com\/de\/2024\/03\/12\/procredit-holding-ag-hebt-mittelfristigen-ausblick-fuer-die-eigenkapitalrendite-im-kontext-der-aktualisierten-geschaeftsstrategie-der-gruppe-an\/","og_locale":"en_US","og_type":"article","og_title":"ProCredit Holding AG hebt mittelfristigen Ausblick f\u00fcr die Eigenkapitalrendite im Kontext der aktualisierten Gesch\u00e4ftsstrategie der Gruppe an - PCH (DE)","og_description":"Vor dem Hintergrund der Aktualisierung der Gesch\u00e4ftsstrategie der Gruppe hat der Vorstand der ProCredit Holding AG heute beschlossen, den mittelfristigen Ausblick f\u00fcr die Eigenkapitalrendite der Gruppe von ca. 12 % auf ca. 13 &#8211; 14 % anzuheben.","og_url":"https:\/\/www.procredit-holding.com\/de\/2024\/03\/12\/procredit-holding-ag-hebt-mittelfristigen-ausblick-fuer-die-eigenkapitalrendite-im-kontext-der-aktualisierten-geschaeftsstrategie-der-gruppe-an\/","og_site_name":"PCH (DE)","article_published_time":"2024-03-12T11:52:33+00:00","article_modified_time":"2025-05-19T14:51:57+00:00","author":"Sanda Gvozdenovic","twitter_card":"summary_large_image","twitter_misc":{"Written by":"Sanda Gvozdenovic","Est. reading time":"2 minutes"},"schema":{"@context":"https:\/\/schema.org","@graph":[{"@type":"Article","@id":"https:\/\/www.procredit-holding.com\/de\/2024\/03\/12\/procredit-holding-ag-hebt-mittelfristigen-ausblick-fuer-die-eigenkapitalrendite-im-kontext-der-aktualisierten-geschaeftsstrategie-der-gruppe-an\/#article","isPartOf":{"@id":"https:\/\/www.procredit-holding.com\/de\/2024\/03\/12\/procredit-holding-ag-hebt-mittelfristigen-ausblick-fuer-die-eigenkapitalrendite-im-kontext-der-aktualisierten-geschaeftsstrategie-der-gruppe-an\/"},"author":{"name":"Sanda Gvozdenovic","@id":"https:\/\/www.procredit-holding.com\/de\/#\/schema\/person\/9effcdf0f448e0c4f2c7a7814b6173ab"},"headline":"ProCredit Holding AG hebt mittelfristigen Ausblick f\u00fcr die Eigenkapitalrendite im Kontext der aktualisierten Gesch\u00e4ftsstrategie der Gruppe an","datePublished":"2024-03-12T11:52:33+00:00","dateModified":"2025-05-19T14:51:57+00:00","mainEntityOfPage":{"@id":"https:\/\/www.procredit-holding.com\/de\/2024\/03\/12\/procredit-holding-ag-hebt-mittelfristigen-ausblick-fuer-die-eigenkapitalrendite-im-kontext-der-aktualisierten-geschaeftsstrategie-der-gruppe-an\/"},"wordCount":460,"publisher":{"@id":"https:\/\/www.procredit-holding.com\/de\/#organization"},"keywords":["Frankfurt am Main"],"articleSection":["Corporate News","Pressemitteilungen"],"inLanguage":"en-US"},{"@type":"WebPage","@id":"https:\/\/www.procredit-holding.com\/de\/2024\/03\/12\/procredit-holding-ag-hebt-mittelfristigen-ausblick-fuer-die-eigenkapitalrendite-im-kontext-der-aktualisierten-geschaeftsstrategie-der-gruppe-an\/","url":"https:\/\/www.procredit-holding.com\/de\/2024\/03\/12\/procredit-holding-ag-hebt-mittelfristigen-ausblick-fuer-die-eigenkapitalrendite-im-kontext-der-aktualisierten-geschaeftsstrategie-der-gruppe-an\/","name":"ProCredit Holding AG hebt mittelfristigen Ausblick f\u00fcr die Eigenkapitalrendite im Kontext der aktualisierten Gesch\u00e4ftsstrategie der Gruppe an - PCH (DE)","isPartOf":{"@id":"https:\/\/www.procredit-holding.com\/de\/#website"},"datePublished":"2024-03-12T11:52:33+00:00","dateModified":"2025-05-19T14:51:57+00:00","breadcrumb":{"@id":"https:\/\/www.procredit-holding.com\/de\/2024\/03\/12\/procredit-holding-ag-hebt-mittelfristigen-ausblick-fuer-die-eigenkapitalrendite-im-kontext-der-aktualisierten-geschaeftsstrategie-der-gruppe-an\/#breadcrumb"},"inLanguage":"en-US","potentialAction":[{"@type":"ReadAction","target":["https:\/\/www.procredit-holding.com\/de\/2024\/03\/12\/procredit-holding-ag-hebt-mittelfristigen-ausblick-fuer-die-eigenkapitalrendite-im-kontext-der-aktualisierten-geschaeftsstrategie-der-gruppe-an\/"]}]},{"@type":"BreadcrumbList","@id":"https:\/\/www.procredit-holding.com\/de\/2024\/03\/12\/procredit-holding-ag-hebt-mittelfristigen-ausblick-fuer-die-eigenkapitalrendite-im-kontext-der-aktualisierten-geschaeftsstrategie-der-gruppe-an\/#breadcrumb","itemListElement":[{"@type":"ListItem","position":1,"name":"Home","item":"https:\/\/www.procredit-holding.com\/de\/"},{"@type":"ListItem","position":2,"name":"ProCredit Holding AG hebt mittelfristigen Ausblick f\u00fcr die Eigenkapitalrendite im Kontext der aktualisierten Gesch\u00e4ftsstrategie der Gruppe an"}]},{"@type":"WebSite","@id":"https:\/\/www.procredit-holding.com\/de\/#website","url":"https:\/\/www.procredit-holding.com\/de\/","name":"ProCredit Holding (de)","description":"An international development-oriented commercial banking group","publisher":{"@id":"https:\/\/www.procredit-holding.com\/de\/#organization"},"potentialAction":[{"@type":"SearchAction","target":{"@type":"EntryPoint","urlTemplate":"https:\/\/www.procredit-holding.com\/de\/?s={search_term_string}"},"query-input":{"@type":"PropertyValueSpecification","valueRequired":true,"valueName":"search_term_string"}}],"inLanguage":"en-US"},{"@type":"Organization","@id":"https:\/\/www.procredit-holding.com\/de\/#organization","name":"ProCredit Holding AG","url":"https:\/\/www.procredit-holding.com\/de\/","logo":{"@type":"ImageObject","inLanguage":"en-US","@id":"https:\/\/www.procredit-holding.com\/de\/#\/schema\/logo\/image\/","url":"https:\/\/www.procredit-holding.com\/de\/wp-content\/uploads\/sites\/2\/2017\/05\/logo-pch.png","contentUrl":"https:\/\/www.procredit-holding.com\/de\/wp-content\/uploads\/sites\/2\/2017\/05\/logo-pch.png","width":265,"height":90,"caption":"ProCredit Holding AG"},"image":{"@id":"https:\/\/www.procredit-holding.com\/de\/#\/schema\/logo\/image\/"},"sameAs":["https:\/\/www.linkedin.com\/company\/procredit-holding"]},{"@type":"Person","@id":"https:\/\/www.procredit-holding.com\/de\/#\/schema\/person\/9effcdf0f448e0c4f2c7a7814b6173ab","name":"Sanda Gvozdenovic","image":{"@type":"ImageObject","inLanguage":"en-US","@id":"https:\/\/secure.gravatar.com\/avatar\/53db8b5e1f19e3c9d02cd415ca3e498e0a77551b33c500c026f04ea17a0d1a63?s=96&d=mm&r=g","url":"https:\/\/secure.gravatar.com\/avatar\/53db8b5e1f19e3c9d02cd415ca3e498e0a77551b33c500c026f04ea17a0d1a63?s=96&d=mm&r=g","contentUrl":"https:\/\/secure.gravatar.com\/avatar\/53db8b5e1f19e3c9d02cd415ca3e498e0a77551b33c500c026f04ea17a0d1a63?s=96&d=mm&r=g","caption":"Sanda Gvozdenovic"},"sameAs":["https:\/\/www.procredit-holding.com\/"],"url":"https:\/\/www.procredit-holding.com\/de\/author\/sgvozdenovic\/"}]}},"_links":{"self":[{"href":"https:\/\/www.procredit-holding.com\/de\/wp-json\/wp\/v2\/posts\/13515","targetHints":{"allow":["GET"]}}],"collection":[{"href":"https:\/\/www.procredit-holding.com\/de\/wp-json\/wp\/v2\/posts"}],"about":[{"href":"https:\/\/www.procredit-holding.com\/de\/wp-json\/wp\/v2\/types\/post"}],"author":[{"embeddable":true,"href":"https:\/\/www.procredit-holding.com\/de\/wp-json\/wp\/v2\/users\/4"}],"replies":[{"embeddable":true,"href":"https:\/\/www.procredit-holding.com\/de\/wp-json\/wp\/v2\/comments?post=13515"}],"version-history":[{"count":5,"href":"https:\/\/www.procredit-holding.com\/de\/wp-json\/wp\/v2\/posts\/13515\/revisions"}],"predecessor-version":[{"id":14854,"href":"https:\/\/www.procredit-holding.com\/de\/wp-json\/wp\/v2\/posts\/13515\/revisions\/14854"}],"wp:attachment":[{"href":"https:\/\/www.procredit-holding.com\/de\/wp-json\/wp\/v2\/media?parent=13515"}],"wp:term":[{"taxonomy":"category","embeddable":true,"href":"https:\/\/www.procredit-holding.com\/de\/wp-json\/wp\/v2\/categories?post=13515"},{"taxonomy":"post_tag","embeddable":true,"href":"https:\/\/www.procredit-holding.com\/de\/wp-json\/wp\/v2\/tags?post=13515"}],"curies":[{"name":"wp","href":"https:\/\/api.w.org\/{rel}","templated":true}]}}