{"id":13540,"date":"2024-03-19T19:10:11","date_gmt":"2024-03-19T17:10:11","guid":{"rendered":"https:\/\/pchtest.procredit-holding.com\/de\/?p=13540"},"modified":"2025-05-19T16:51:51","modified_gmt":"2025-05-19T14:51:51","slug":"aufsichtsrat-der-procredit-holding-ag-verlaengert-vertrag-des-vorstandsvorsitzenden-hubert-spechtenhauser-vorzeitig-um-ein-weiteres-jahr","status":"publish","type":"post","link":"https:\/\/www.procredit-holding.com\/de\/2024\/03\/19\/aufsichtsrat-der-procredit-holding-ag-verlaengert-vertrag-des-vorstandsvorsitzenden-hubert-spechtenhauser-vorzeitig-um-ein-weiteres-jahr\/","title":{"rendered":"Aufsichtsrat der ProCredit Holding AG verl\u00e4ngert Vertrag des Vorstandsvorsitzenden Hubert Spechtenhauser vorzeitig um ein weiteres Jahr"},"content":{"rendered":"<p>Der Aufsichtsrat der ProCredit Holding AG hat heute beschlossen, den Vertrag mit dem Vorsitzenden des Vorstands Hubert Spechtenhauser vorzeitig um ein weiteres Jahr bis Ende Februar 2026 zu verl\u00e4ngern.<\/p>\n<p><!--more--><\/p>\n<p>Das Kontrollgremium setzt damit auf Kontinuit\u00e4t in der F\u00fchrung der ProCredit Gruppe und bekr\u00e4ftigt mit dieser Personalentscheidung seine Anerkennung f\u00fcr die erfolgreiche strategische F\u00fchrung und das Erreichen ausgezeichneter Gesch\u00e4ftsergebnisse.<\/p>\n<p>\u201e<em>Hubert Spechtenhauser hat als Vorsitzender des Vorstands die Entwicklung der ProCredit Gruppe in \u00fcberzeugender Weise vorangetrieben. Dies umfasst auch die k\u00fcnftige strategische Ausrichtung der ProCredit Gruppe, die im Rahmen des Capital Markets Day detailliert vorgestellt werden wird. Wir freuen uns sehr, dass er dem Wunsch des Aufsichtsrats gefolgt ist und sich bereit erkl\u00e4rt hat, seinen Vertrag vorzeitig um ein weiteres Jahr zu verl\u00e4ngern. Damit ist sichergestellt, dass er die strategische Weiterentwicklung der ProCredit in den kommenden zwei Jahren wesentlich begleiten kann. Dabei w\u00fcnschen wir ihm und dem gesamten Vorstand weiterhin viel Erfolg<\/em>\u201c, so Rainer Ottenstein, Vorsitzender des Aufsichtsrats der ProCredit Holding AG.<\/p>\n<p>Hubert Spechtenhauser (Jahrgang 1962) ist seit November 2021 f\u00fcr die ProCredit Holding t\u00e4tig. Er wurde am 1. M\u00e4rz 2022 in deren Vorstand berufen, dessen Vorsitz er zum 1. November 2022 \u00fcbernahm. Als Vorsitzender des Vorstands verantwortet er die Bereiche Corporate Office, Group Communications, Legal sowie Group and PCH Internal Audit.<\/p>\n<p>Hubert Spechtenhauser betont: \u201e<em>Ich danke dem Aufsichtsrat f\u00fcr sein Vertrauen in mich. Ich werde alles daran setzen, die ProCredit Gruppe weiter strategisch und operativ im Sinne unserer Impact-Orientierung voranzubringen. Gemeinsam mit meinen Kolleg*innen im Vorstand und allen Mitarbeiter*innen werden wir weiter kontinuierlich daran arbeiten, dass ProCredit auch in Zukunft erfolgreich ist und wir unsere Positionierung am Kapitalmarkt auch in 2024 weiter festigen k\u00f6nnen. In diesem Zusammenhang freue ich mich darauf, unsere strategischen Initiativen und Ambitionen f\u00fcr das Gesch\u00e4ftsjahr 2024 und dar\u00fcber hinaus am 21. M\u00e4rz 2024 im Rahmen unseres zweiten Kapitalmarkttags n\u00e4her vorzustellen.\u201c<\/em><\/p>\n<p>Die beruflichen Stationen von Hubert Spechtenhauser umfassten vor seinem Wechsel zur ProCredit Gruppe unter anderem Gesch\u00e4ftsleitungspositionen innerhalb des UniCredit Konzerns, des Konzerns der Landesbank Hessen-Th\u00fcringen (Helaba) sowie des Commerzbank-Konzerns. Er verf\u00fcgt \u00fcber umfangreiche Expertise in den Bereichen Konzernentwicklung, Corporate Governance, Risikomanagement und Finance, sowie in den Gesch\u00e4ftsfeldern Asset Management, Leasing und Investitionsfinanzierung.<\/p>\n<p>Der Capital Markets Day 2024 der ProCredit Holding findet am Donnerstag, den 21. M\u00e4rz 2024, um 13:00 Uhr statt. Alle Interessierten k\u00f6nnen sich \u00fcber den folgenden Link f\u00fcr die Veranstaltung registrieren und virtuell teilnehmen: <a href=\"https:\/\/www.procredit-holding.com\/de\/investor-relations\/capital-markets-day\/\">https:\/\/www.procredit-holding.com\/de\/investor-relations\/capital-markets-day\/<\/a><\/p>\n<p><strong>Kontakt:<\/strong> <br \/>\nAndrea Kaufmann, Group Communications, ProCredit Holding, Tel.: +49 69 95 14 37 138, <br \/>\nE-mail: <a href=\"mailto:Andrea.Kaufmann@procredit-group.com\">Andrea.Kaufmann@procredit-group.com<\/a><\/p>\n<p><strong>\u00dcber die ProCredit Holding AG<\/strong><br \/>\nDie ProCredit Holding AG mit Sitz in Frankfurt am Main, Deutschland, ist die Muttergesellschaft der entwicklungsorientierten ProCredit Gruppe, die aus Gesch\u00e4ftsbanken f\u00fcr kleine und mittlere Unternehmen (KMU) mit operativem Fokus auf S\u00fcdost- und Osteuropa besteht. Zus\u00e4tzlich zu diesem regionalen Schwerpunkt ist die ProCredit Gruppe auch in S\u00fcdamerika und in Deutschland t\u00e4tig. Die Aktien des Unternehmens werden im Prime Standard der Frankfurter Wertpapierb\u00f6rse gehandelt. Zu den Hauptaktion\u00e4ren der ProCredit Holding AG geh\u00f6ren die strategischen Investoren Zeitinger Invest GmbH und ProCredit Staff Invest GmbH &amp; Co KG (Investment-Vehikel f\u00fcr ProCredit Mitarbeiter), die KfW, die niederl\u00e4ndische DOEN Participaties BV und die Europ\u00e4ische Bank f\u00fcr Wiederaufbau und Entwicklung (European Bank for Reconstruction and Development \u2013 EBRD). Die ProCredit Holding AG unterliegt als \u00fcbergeordnetes Unternehmen im Sinne des Kreditwesengesetzes der Bundesrepublik Deutschland auf Konzernebene und als Mutterfinanzholdinggesellschaft der ProCredit-Finanzholdinggruppe der Aufsicht durch die Bundesanstalt f\u00fcr Finanzdienstleistungsaufsicht (BaFin) und die Deutsche Bundesbank. Weiterf\u00fchrende Informationen erhalten Sie im Internet auf der Webseite https:\/\/www.procredit-holding.com\/de\/<\/p>\n<p><strong>Zukunftsgerichtete Aussagen<\/strong> <br \/>\nDiese Mitteilung enth\u00e4lt Aussagen, die sich auf unseren k\u00fcnftigen Gesch\u00e4ftsverlauf und k\u00fcnftige finanzielle Leistungsparameter sowie auf k\u00fcnftige die ProCredit Holding betreffende Vorg\u00e4nge oder Entwicklungen beziehen und zukunftsgerichtete Aussagen darstellen k\u00f6nnen. Solche Aussagen beruhen auf den gegenw\u00e4rtigen Erwartungen und bestimmten Annahmen des Managements der ProCredit Holding, von denen zahlreiche au\u00dferhalb des Einflussbereichs der ProCredit Holding liegen. Sie unterliegen daher einer Vielzahl von Risiken, Ungewissheiten und Faktoren. Sollten sich eines oder mehrere dieser Risiken oder Ungewissheiten realisieren oder sollte es sich erweisen, dass die zugrunde liegenden Erwartungen nicht eintreten beziehungsweise Annahmen nicht korrekt waren, k\u00f6nnen die tats\u00e4chlichen Ergebnisse, Leistungen und Erfolge der ProCredit Holding (sowohl negativ als auch positiv) wesentlich von denjenigen Ergebnissen abweichen, die ausdr\u00fccklich oder implizit in der zukunftsgerichteten Aussage genannt worden sind. \u00dcber die gesetzlichen Anforderungen hinaus \u00fcbernimmt die ProCredit Holding keine Verpflichtung und beabsichtigt auch nicht, diese zukunftsgerichteten Aussagen zu aktualisieren oder bei einer anderen als der erwarteten Entwicklung zu korrigieren.<\/p>\n","protected":false},"excerpt":{"rendered":"<p>Der Aufsichtsrat der ProCredit Holding AG hat heute beschlossen, den Vertrag mit dem Vorsitzenden des Vorstands Hubert Spechtenhauser vorzeitig um ein weiteres Jahr bis Ende Februar 2026 zu verl\u00e4ngern.<\/p>\n","protected":false},"author":22,"featured_media":0,"comment_status":"closed","ping_status":"open","sticky":false,"template":"","format":"standard","meta":{"_acf_changed":false,"footnotes":""},"categories":[1,4],"tags":[],"class_list":["post-13540","post","type-post","status-publish","format-standard","hentry","category-corporate-news","category-press-releases"],"acf":[],"yoast_head":"<!-- This site is optimized with the Yoast SEO plugin v27.5 - https:\/\/yoast.com\/product\/yoast-seo-wordpress\/ -->\n<title>Aufsichtsrat der ProCredit Holding AG verl\u00e4ngert Vertrag des Vorstandsvorsitzenden Hubert Spechtenhauser vorzeitig um ein weiteres Jahr - PCH (DE)<\/title>\n<meta name=\"robots\" content=\"index, follow, max-snippet:-1, max-image-preview:large, max-video-preview:-1\" \/>\n<link rel=\"canonical\" href=\"https:\/\/www.procredit-holding.com\/de\/2024\/03\/19\/aufsichtsrat-der-procredit-holding-ag-verlaengert-vertrag-des-vorstandsvorsitzenden-hubert-spechtenhauser-vorzeitig-um-ein-weiteres-jahr\/\" \/>\n<meta property=\"og:locale\" content=\"en_US\" \/>\n<meta property=\"og:type\" content=\"article\" \/>\n<meta property=\"og:title\" content=\"Aufsichtsrat der ProCredit Holding AG verl\u00e4ngert Vertrag des Vorstandsvorsitzenden Hubert Spechtenhauser vorzeitig um ein weiteres Jahr - PCH (DE)\" \/>\n<meta property=\"og:description\" content=\"Der Aufsichtsrat der ProCredit Holding AG hat heute beschlossen, den Vertrag mit dem Vorsitzenden des Vorstands Hubert Spechtenhauser vorzeitig um ein weiteres Jahr bis Ende Februar 2026 zu verl\u00e4ngern.\" \/>\n<meta property=\"og:url\" content=\"https:\/\/www.procredit-holding.com\/de\/2024\/03\/19\/aufsichtsrat-der-procredit-holding-ag-verlaengert-vertrag-des-vorstandsvorsitzenden-hubert-spechtenhauser-vorzeitig-um-ein-weiteres-jahr\/\" \/>\n<meta property=\"og:site_name\" content=\"PCH (DE)\" \/>\n<meta property=\"article:published_time\" content=\"2024-03-19T17:10:11+00:00\" \/>\n<meta property=\"article:modified_time\" content=\"2025-05-19T14:51:51+00:00\" \/>\n<meta name=\"author\" content=\"akoxhaku\" \/>\n<meta name=\"twitter:card\" content=\"summary_large_image\" \/>\n<meta name=\"twitter:creator\" content=\"@Koxhaku\" \/>\n<meta name=\"twitter:label1\" content=\"Written by\" \/>\n\t<meta name=\"twitter:data1\" content=\"akoxhaku\" \/>\n\t<meta name=\"twitter:label2\" content=\"Est. reading time\" \/>\n\t<meta name=\"twitter:data2\" content=\"4 minutes\" \/>\n<script type=\"application\/ld+json\" class=\"yoast-schema-graph\">{\"@context\":\"https:\\\/\\\/schema.org\",\"@graph\":[{\"@type\":\"Article\",\"@id\":\"https:\\\/\\\/www.procredit-holding.com\\\/de\\\/2024\\\/03\\\/19\\\/aufsichtsrat-der-procredit-holding-ag-verlaengert-vertrag-des-vorstandsvorsitzenden-hubert-spechtenhauser-vorzeitig-um-ein-weiteres-jahr\\\/#article\",\"isPartOf\":{\"@id\":\"https:\\\/\\\/www.procredit-holding.com\\\/de\\\/2024\\\/03\\\/19\\\/aufsichtsrat-der-procredit-holding-ag-verlaengert-vertrag-des-vorstandsvorsitzenden-hubert-spechtenhauser-vorzeitig-um-ein-weiteres-jahr\\\/\"},\"author\":{\"name\":\"akoxhaku\",\"@id\":\"https:\\\/\\\/www.procredit-holding.com\\\/de\\\/#\\\/schema\\\/person\\\/825047f59d5d8e97812be1ca4a96b867\"},\"headline\":\"Aufsichtsrat der ProCredit Holding AG verl\u00e4ngert Vertrag des Vorstandsvorsitzenden Hubert Spechtenhauser vorzeitig um ein weiteres Jahr\",\"datePublished\":\"2024-03-19T17:10:11+00:00\",\"dateModified\":\"2025-05-19T14:51:51+00:00\",\"mainEntityOfPage\":{\"@id\":\"https:\\\/\\\/www.procredit-holding.com\\\/de\\\/2024\\\/03\\\/19\\\/aufsichtsrat-der-procredit-holding-ag-verlaengert-vertrag-des-vorstandsvorsitzenden-hubert-spechtenhauser-vorzeitig-um-ein-weiteres-jahr\\\/\"},\"wordCount\":787,\"publisher\":{\"@id\":\"https:\\\/\\\/www.procredit-holding.com\\\/de\\\/#organization\"},\"articleSection\":[\"Corporate News\",\"Pressemitteilungen\"],\"inLanguage\":\"en-US\"},{\"@type\":\"WebPage\",\"@id\":\"https:\\\/\\\/www.procredit-holding.com\\\/de\\\/2024\\\/03\\\/19\\\/aufsichtsrat-der-procredit-holding-ag-verlaengert-vertrag-des-vorstandsvorsitzenden-hubert-spechtenhauser-vorzeitig-um-ein-weiteres-jahr\\\/\",\"url\":\"https:\\\/\\\/www.procredit-holding.com\\\/de\\\/2024\\\/03\\\/19\\\/aufsichtsrat-der-procredit-holding-ag-verlaengert-vertrag-des-vorstandsvorsitzenden-hubert-spechtenhauser-vorzeitig-um-ein-weiteres-jahr\\\/\",\"name\":\"Aufsichtsrat der ProCredit Holding AG verl\u00e4ngert Vertrag des Vorstandsvorsitzenden Hubert Spechtenhauser vorzeitig um ein weiteres Jahr - PCH (DE)\",\"isPartOf\":{\"@id\":\"https:\\\/\\\/www.procredit-holding.com\\\/de\\\/#website\"},\"datePublished\":\"2024-03-19T17:10:11+00:00\",\"dateModified\":\"2025-05-19T14:51:51+00:00\",\"breadcrumb\":{\"@id\":\"https:\\\/\\\/www.procredit-holding.com\\\/de\\\/2024\\\/03\\\/19\\\/aufsichtsrat-der-procredit-holding-ag-verlaengert-vertrag-des-vorstandsvorsitzenden-hubert-spechtenhauser-vorzeitig-um-ein-weiteres-jahr\\\/#breadcrumb\"},\"inLanguage\":\"en-US\",\"potentialAction\":[{\"@type\":\"ReadAction\",\"target\":[\"https:\\\/\\\/www.procredit-holding.com\\\/de\\\/2024\\\/03\\\/19\\\/aufsichtsrat-der-procredit-holding-ag-verlaengert-vertrag-des-vorstandsvorsitzenden-hubert-spechtenhauser-vorzeitig-um-ein-weiteres-jahr\\\/\"]}]},{\"@type\":\"BreadcrumbList\",\"@id\":\"https:\\\/\\\/www.procredit-holding.com\\\/de\\\/2024\\\/03\\\/19\\\/aufsichtsrat-der-procredit-holding-ag-verlaengert-vertrag-des-vorstandsvorsitzenden-hubert-spechtenhauser-vorzeitig-um-ein-weiteres-jahr\\\/#breadcrumb\",\"itemListElement\":[{\"@type\":\"ListItem\",\"position\":1,\"name\":\"Home\",\"item\":\"https:\\\/\\\/www.procredit-holding.com\\\/de\\\/\"},{\"@type\":\"ListItem\",\"position\":2,\"name\":\"Aufsichtsrat der ProCredit Holding AG verl\u00e4ngert Vertrag des Vorstandsvorsitzenden Hubert Spechtenhauser vorzeitig um ein weiteres Jahr\"}]},{\"@type\":\"WebSite\",\"@id\":\"https:\\\/\\\/www.procredit-holding.com\\\/de\\\/#website\",\"url\":\"https:\\\/\\\/www.procredit-holding.com\\\/de\\\/\",\"name\":\"ProCredit Holding (de)\",\"description\":\"An international development-oriented commercial banking group\",\"publisher\":{\"@id\":\"https:\\\/\\\/www.procredit-holding.com\\\/de\\\/#organization\"},\"potentialAction\":[{\"@type\":\"SearchAction\",\"target\":{\"@type\":\"EntryPoint\",\"urlTemplate\":\"https:\\\/\\\/www.procredit-holding.com\\\/de\\\/?s={search_term_string}\"},\"query-input\":{\"@type\":\"PropertyValueSpecification\",\"valueRequired\":true,\"valueName\":\"search_term_string\"}}],\"inLanguage\":\"en-US\"},{\"@type\":\"Organization\",\"@id\":\"https:\\\/\\\/www.procredit-holding.com\\\/de\\\/#organization\",\"name\":\"ProCredit Holding AG\",\"url\":\"https:\\\/\\\/www.procredit-holding.com\\\/de\\\/\",\"logo\":{\"@type\":\"ImageObject\",\"inLanguage\":\"en-US\",\"@id\":\"https:\\\/\\\/www.procredit-holding.com\\\/de\\\/#\\\/schema\\\/logo\\\/image\\\/\",\"url\":\"https:\\\/\\\/www.procredit-holding.com\\\/de\\\/wp-content\\\/uploads\\\/sites\\\/2\\\/2017\\\/05\\\/logo-pch.png\",\"contentUrl\":\"https:\\\/\\\/www.procredit-holding.com\\\/de\\\/wp-content\\\/uploads\\\/sites\\\/2\\\/2017\\\/05\\\/logo-pch.png\",\"width\":265,\"height\":90,\"caption\":\"ProCredit Holding AG\"},\"image\":{\"@id\":\"https:\\\/\\\/www.procredit-holding.com\\\/de\\\/#\\\/schema\\\/logo\\\/image\\\/\"},\"sameAs\":[\"https:\\\/\\\/www.linkedin.com\\\/company\\\/procredit-holding\"]},{\"@type\":\"Person\",\"@id\":\"https:\\\/\\\/www.procredit-holding.com\\\/de\\\/#\\\/schema\\\/person\\\/825047f59d5d8e97812be1ca4a96b867\",\"name\":\"akoxhaku\",\"image\":{\"@type\":\"ImageObject\",\"inLanguage\":\"en-US\",\"@id\":\"https:\\\/\\\/secure.gravatar.com\\\/avatar\\\/4fdd97dcb841c25af038cc53857b54cd4455b59b9412c3d1ae907902db481785?s=96&d=mm&r=g\",\"url\":\"https:\\\/\\\/secure.gravatar.com\\\/avatar\\\/4fdd97dcb841c25af038cc53857b54cd4455b59b9412c3d1ae907902db481785?s=96&d=mm&r=g\",\"contentUrl\":\"https:\\\/\\\/secure.gravatar.com\\\/avatar\\\/4fdd97dcb841c25af038cc53857b54cd4455b59b9412c3d1ae907902db481785?s=96&d=mm&r=g\",\"caption\":\"akoxhaku\"},\"sameAs\":[\"https:\\\/\\\/www.linkedin.com\\\/in\\\/ani-koxhaku\\\/\",\"https:\\\/\\\/x.com\\\/Koxhaku\"],\"url\":\"https:\\\/\\\/www.procredit-holding.com\\\/de\\\/author\\\/akoxhaku\\\/\"}]}<\/script>\n<!-- \/ Yoast SEO plugin. -->","yoast_head_json":{"title":"Aufsichtsrat der ProCredit Holding AG verl\u00e4ngert Vertrag des Vorstandsvorsitzenden Hubert Spechtenhauser vorzeitig um ein weiteres Jahr - PCH (DE)","robots":{"index":"index","follow":"follow","max-snippet":"max-snippet:-1","max-image-preview":"max-image-preview:large","max-video-preview":"max-video-preview:-1"},"canonical":"https:\/\/www.procredit-holding.com\/de\/2024\/03\/19\/aufsichtsrat-der-procredit-holding-ag-verlaengert-vertrag-des-vorstandsvorsitzenden-hubert-spechtenhauser-vorzeitig-um-ein-weiteres-jahr\/","og_locale":"en_US","og_type":"article","og_title":"Aufsichtsrat der ProCredit Holding AG verl\u00e4ngert Vertrag des Vorstandsvorsitzenden Hubert Spechtenhauser vorzeitig um ein weiteres Jahr - PCH (DE)","og_description":"Der Aufsichtsrat der ProCredit Holding AG hat heute beschlossen, den Vertrag mit dem Vorsitzenden des Vorstands Hubert Spechtenhauser vorzeitig um ein weiteres Jahr bis Ende Februar 2026 zu verl\u00e4ngern.","og_url":"https:\/\/www.procredit-holding.com\/de\/2024\/03\/19\/aufsichtsrat-der-procredit-holding-ag-verlaengert-vertrag-des-vorstandsvorsitzenden-hubert-spechtenhauser-vorzeitig-um-ein-weiteres-jahr\/","og_site_name":"PCH (DE)","article_published_time":"2024-03-19T17:10:11+00:00","article_modified_time":"2025-05-19T14:51:51+00:00","author":"akoxhaku","twitter_card":"summary_large_image","twitter_creator":"@Koxhaku","twitter_misc":{"Written by":"akoxhaku","Est. reading time":"4 minutes"},"schema":{"@context":"https:\/\/schema.org","@graph":[{"@type":"Article","@id":"https:\/\/www.procredit-holding.com\/de\/2024\/03\/19\/aufsichtsrat-der-procredit-holding-ag-verlaengert-vertrag-des-vorstandsvorsitzenden-hubert-spechtenhauser-vorzeitig-um-ein-weiteres-jahr\/#article","isPartOf":{"@id":"https:\/\/www.procredit-holding.com\/de\/2024\/03\/19\/aufsichtsrat-der-procredit-holding-ag-verlaengert-vertrag-des-vorstandsvorsitzenden-hubert-spechtenhauser-vorzeitig-um-ein-weiteres-jahr\/"},"author":{"name":"akoxhaku","@id":"https:\/\/www.procredit-holding.com\/de\/#\/schema\/person\/825047f59d5d8e97812be1ca4a96b867"},"headline":"Aufsichtsrat der ProCredit Holding AG verl\u00e4ngert Vertrag des Vorstandsvorsitzenden Hubert Spechtenhauser vorzeitig um ein weiteres Jahr","datePublished":"2024-03-19T17:10:11+00:00","dateModified":"2025-05-19T14:51:51+00:00","mainEntityOfPage":{"@id":"https:\/\/www.procredit-holding.com\/de\/2024\/03\/19\/aufsichtsrat-der-procredit-holding-ag-verlaengert-vertrag-des-vorstandsvorsitzenden-hubert-spechtenhauser-vorzeitig-um-ein-weiteres-jahr\/"},"wordCount":787,"publisher":{"@id":"https:\/\/www.procredit-holding.com\/de\/#organization"},"articleSection":["Corporate News","Pressemitteilungen"],"inLanguage":"en-US"},{"@type":"WebPage","@id":"https:\/\/www.procredit-holding.com\/de\/2024\/03\/19\/aufsichtsrat-der-procredit-holding-ag-verlaengert-vertrag-des-vorstandsvorsitzenden-hubert-spechtenhauser-vorzeitig-um-ein-weiteres-jahr\/","url":"https:\/\/www.procredit-holding.com\/de\/2024\/03\/19\/aufsichtsrat-der-procredit-holding-ag-verlaengert-vertrag-des-vorstandsvorsitzenden-hubert-spechtenhauser-vorzeitig-um-ein-weiteres-jahr\/","name":"Aufsichtsrat der ProCredit Holding AG verl\u00e4ngert Vertrag des Vorstandsvorsitzenden Hubert Spechtenhauser vorzeitig um ein weiteres Jahr - PCH (DE)","isPartOf":{"@id":"https:\/\/www.procredit-holding.com\/de\/#website"},"datePublished":"2024-03-19T17:10:11+00:00","dateModified":"2025-05-19T14:51:51+00:00","breadcrumb":{"@id":"https:\/\/www.procredit-holding.com\/de\/2024\/03\/19\/aufsichtsrat-der-procredit-holding-ag-verlaengert-vertrag-des-vorstandsvorsitzenden-hubert-spechtenhauser-vorzeitig-um-ein-weiteres-jahr\/#breadcrumb"},"inLanguage":"en-US","potentialAction":[{"@type":"ReadAction","target":["https:\/\/www.procredit-holding.com\/de\/2024\/03\/19\/aufsichtsrat-der-procredit-holding-ag-verlaengert-vertrag-des-vorstandsvorsitzenden-hubert-spechtenhauser-vorzeitig-um-ein-weiteres-jahr\/"]}]},{"@type":"BreadcrumbList","@id":"https:\/\/www.procredit-holding.com\/de\/2024\/03\/19\/aufsichtsrat-der-procredit-holding-ag-verlaengert-vertrag-des-vorstandsvorsitzenden-hubert-spechtenhauser-vorzeitig-um-ein-weiteres-jahr\/#breadcrumb","itemListElement":[{"@type":"ListItem","position":1,"name":"Home","item":"https:\/\/www.procredit-holding.com\/de\/"},{"@type":"ListItem","position":2,"name":"Aufsichtsrat der ProCredit Holding AG verl\u00e4ngert Vertrag des Vorstandsvorsitzenden Hubert Spechtenhauser vorzeitig um ein weiteres Jahr"}]},{"@type":"WebSite","@id":"https:\/\/www.procredit-holding.com\/de\/#website","url":"https:\/\/www.procredit-holding.com\/de\/","name":"ProCredit Holding (de)","description":"An international development-oriented commercial banking group","publisher":{"@id":"https:\/\/www.procredit-holding.com\/de\/#organization"},"potentialAction":[{"@type":"SearchAction","target":{"@type":"EntryPoint","urlTemplate":"https:\/\/www.procredit-holding.com\/de\/?s={search_term_string}"},"query-input":{"@type":"PropertyValueSpecification","valueRequired":true,"valueName":"search_term_string"}}],"inLanguage":"en-US"},{"@type":"Organization","@id":"https:\/\/www.procredit-holding.com\/de\/#organization","name":"ProCredit Holding AG","url":"https:\/\/www.procredit-holding.com\/de\/","logo":{"@type":"ImageObject","inLanguage":"en-US","@id":"https:\/\/www.procredit-holding.com\/de\/#\/schema\/logo\/image\/","url":"https:\/\/www.procredit-holding.com\/de\/wp-content\/uploads\/sites\/2\/2017\/05\/logo-pch.png","contentUrl":"https:\/\/www.procredit-holding.com\/de\/wp-content\/uploads\/sites\/2\/2017\/05\/logo-pch.png","width":265,"height":90,"caption":"ProCredit Holding AG"},"image":{"@id":"https:\/\/www.procredit-holding.com\/de\/#\/schema\/logo\/image\/"},"sameAs":["https:\/\/www.linkedin.com\/company\/procredit-holding"]},{"@type":"Person","@id":"https:\/\/www.procredit-holding.com\/de\/#\/schema\/person\/825047f59d5d8e97812be1ca4a96b867","name":"akoxhaku","image":{"@type":"ImageObject","inLanguage":"en-US","@id":"https:\/\/secure.gravatar.com\/avatar\/4fdd97dcb841c25af038cc53857b54cd4455b59b9412c3d1ae907902db481785?s=96&d=mm&r=g","url":"https:\/\/secure.gravatar.com\/avatar\/4fdd97dcb841c25af038cc53857b54cd4455b59b9412c3d1ae907902db481785?s=96&d=mm&r=g","contentUrl":"https:\/\/secure.gravatar.com\/avatar\/4fdd97dcb841c25af038cc53857b54cd4455b59b9412c3d1ae907902db481785?s=96&d=mm&r=g","caption":"akoxhaku"},"sameAs":["https:\/\/www.linkedin.com\/in\/ani-koxhaku\/","https:\/\/x.com\/Koxhaku"],"url":"https:\/\/www.procredit-holding.com\/de\/author\/akoxhaku\/"}]}},"_links":{"self":[{"href":"https:\/\/www.procredit-holding.com\/de\/wp-json\/wp\/v2\/posts\/13540","targetHints":{"allow":["GET"]}}],"collection":[{"href":"https:\/\/www.procredit-holding.com\/de\/wp-json\/wp\/v2\/posts"}],"about":[{"href":"https:\/\/www.procredit-holding.com\/de\/wp-json\/wp\/v2\/types\/post"}],"author":[{"embeddable":true,"href":"https:\/\/www.procredit-holding.com\/de\/wp-json\/wp\/v2\/users\/22"}],"replies":[{"embeddable":true,"href":"https:\/\/www.procredit-holding.com\/de\/wp-json\/wp\/v2\/comments?post=13540"}],"version-history":[{"count":2,"href":"https:\/\/www.procredit-holding.com\/de\/wp-json\/wp\/v2\/posts\/13540\/revisions"}],"predecessor-version":[{"id":14853,"href":"https:\/\/www.procredit-holding.com\/de\/wp-json\/wp\/v2\/posts\/13540\/revisions\/14853"}],"wp:attachment":[{"href":"https:\/\/www.procredit-holding.com\/de\/wp-json\/wp\/v2\/media?parent=13540"}],"wp:term":[{"taxonomy":"category","embeddable":true,"href":"https:\/\/www.procredit-holding.com\/de\/wp-json\/wp\/v2\/categories?post=13540"},{"taxonomy":"post_tag","embeddable":true,"href":"https:\/\/www.procredit-holding.com\/de\/wp-json\/wp\/v2\/tags?post=13540"}],"curies":[{"name":"wp","href":"https:\/\/api.w.org\/{rel}","templated":true}]}}