{"id":14252,"date":"2024-11-14T08:03:47","date_gmt":"2024-11-14T06:03:47","guid":{"rendered":"https:\/\/pchtest.procredit-holding.com\/de\/?p=14252"},"modified":"2025-05-19T15:00:02","modified_gmt":"2025-05-19T13:00:02","slug":"procredit-9m-ergebnis-starkes-kreditwachstum-unterstreicht-wachstumsambitionen-der-gruppe","status":"publish","type":"post","link":"https:\/\/www.procredit-holding.com\/de\/2024\/11\/14\/procredit-9m-ergebnis-starkes-kreditwachstum-unterstreicht-wachstumsambitionen-der-gruppe\/","title":{"rendered":"ProCredit 9M-Ergebnis: Starkes Kreditwachstum unterstreicht Wachstumsambitionen der Gruppe"},"content":{"rendered":"<ul>\n<li>Kreditportfolio w\u00e4chst deutlich um 9,0 %, Haupttreiber sind die Segmente Privatkund*innen, Kleinst- und Kleinunternehmen<\/li>\n<li>Wachstum der Einlagen um 7,8 % und der Anzahl der Kund*innen um 7,4 % unterstreicht gute Fortschritte der Gruppe auf ihrem Wachstumskurs<\/li>\n<li>9M-Ergebnis von 84,8 Mio. EUR entspricht einer Eigenkapitalrendite von 11,3 %<\/li>\n<li>Anstieg des operativen Ertrags um +9,8 % und niedrige Risikokosten von 8 Basispunkten gleichen hohe Investitionen aus; erh\u00f6htes Kosten-Ertrags-Verh\u00e4ltnis<\/li>\n<li>Aktualisierte Prognose f\u00fcr das GJ 2024 in Bezug auf ausgew\u00e4hlte Kennzahlen:<\/li>\n<li>Kreditwachstum, Kosten-Ertrags-Verh\u00e4ltnis und Eigenkapitalrendite<br \/>\n1\/3 des Jahresergebnisses f\u00fcr Dividendenaussch\u00fcttung im Jahr 2025 vorgesehen<\/li>\n<\/ul>\n<p><!--more--><\/p>\n<p><strong>Die haupts\u00e4chlich in S\u00fcdost- und Osteuropa t\u00e4tige ProCredit Gruppe hat ihren auf dem Kapitalmarkttag zu Jahresbeginn vorgestellten Wachstumskurs fortgesetzt. Das Kreditportfolio wuchs um 557 Mio. EUR bzw. 9,0 % in allen Segmenten und in allen Banken in S\u00fcdost- und Osteuropa mit Ausnahme der Ukraine. Dieses Wachstum wurde durch ein weiterhin gutes Einlagenwachstum von 566 Mio. EUR oder 7,8 % seit Jahresbeginn begleitet, welches haupts\u00e4chlich von Privatkund*innen getrieben ist. In den ersten neun Monaten des Jahres (9M) erzielte die Gruppe bei anhaltend hohen Investitionen in Personal, IT und Marketing ein Ergebnis von 84,8 Mio. EUR; dies entspricht einer Eigenkapitalrendite von 11,3 %. Angesichts der Gesch\u00e4ftsentwicklung in den ersten neun Monaten und der Erwartungen f\u00fcr das vierte Quartal hat der Vorstand am 5. November 2024 beschlossen, die Prognose f\u00fcr das GJ 2024 in Bezug auf die Kennzahlen Kreditwachstum, Kosten-Ertrags-Verh\u00e4ltnis und Eigenkapitalrendite zu aktualisieren. Die Kapitalausstattung der Gruppe blieb mit einer Kernkapitalquote von 14,1 % und einer Gesamtkapitalquote von 17,3 % zum September 2024 komfortabel. Vor diesem Hintergrund beabsichtigt der Vorstand, im Einklang mit der Dividendenpolitik der Gruppe, der Hauptversammlung im Juni 2025 f\u00fcr das GJ 2024 eine Aussch\u00fcttung von 1\/3 des Konzernergebnisses vorzuschlagen.<\/strong><\/p>\n<p><strong>Deutliche Fortschritte beim ambitionierten Wachstumskurs der Gruppe<\/strong><\/p>\n<p>Das Kreditportfolio wuchs in den ersten neun Monaten des Jahres dank eines g\u00fcnstigen Investitionsumfelds in der Region sowie der laufenden Umsetzung der aktualisierten Wachstumsstrategie um 557 Mio. EUR oder 9,0 % (9M 2023: 1,9 %). Mehr als 60 % dieses Wachstums wurde in Segmenten geringerer Volumina erzielt (Privatkund*innen, Kleinst- und Kleinunternehmen). Ein weiterer Treiber f\u00fcr dieses deutliche Wachstum war die starke Gesch\u00e4ftsentwicklung der kleineren Banken der Gruppe, die ihre Kreditportfolios seit Jahresbeginn um durchschnittlich 15 % steigerten. Auch die Einlagen verzeichneten einen guten Anstieg von 566 Mio. EUR oder 7,8 % (9M 2023: 10,3 %). Privatkund*innen trugen wesentlich zu diesem Ergebnis bei und stehen im Mittelpunkt der Einlagenstrategie der Gruppe.<\/p>\n<p><strong>Gutes Ertragswachstum und niedrige Risikokosten bei hohen Investitionen in Wachstumskatalysatoren<\/strong><\/p>\n<p>Der operative Ertrag der Gruppe stieg im Vergleich zu den ersten neun Monaten des Jahres 2023 um 9,8 % oder 29,5 Millionen Euro, was haupts\u00e4chlich auf ein h\u00f6heres Nettozinseinkommen zur\u00fcckzuf\u00fchren ist. Der Zins\u00fcberschuss stieg um 25,9 Mio. EUR oder 10,6 % auf 270,6 Mio. EUR (9M 2023: 244,7 Mio. EUR), die Nettozinsmarge blieb stabil auf dem Niveau des Vorjahres von rund 3,6 %.<\/p>\n<p>Der Provisions\u00fcberschuss stieg leicht um 1,8 % auf 44,0 Mio. EUR (9M 2023: 43,2 Mio. EUR). Mit 16,1 Mio. EUR (9M 2023: 13,2 Mio. EUR) trugen die sonstigen Ertragspositionen rund 2,9 Mio. EUR mehr zum Konzernergebnis bei als in den ersten neun Monaten des Jahres 2023, was vor allem auf h\u00f6here Devisenertr\u00e4ge zur\u00fcckzuf\u00fchren ist.<\/p>\n<p>Die Personal- und Verwaltungsaufwendungen stiegen um 40,3 Mio. EUR und f\u00fchrten zu einem Anstieg des Kosten-Ertrags-Verh\u00e4ltnisses um 6,9 Prozentpunkte auf 65,7 % (9M 2023: 58,7 %). Der Kostenanstieg w\u00e4hrend des Berichtszeitraums stand haupts\u00e4chlich im Zusammenhang mit den deutlichen Investitionen in Wachstumskatalysatoren. Zum Anstieg dieser Position trugen vor allem die Aufstockung des Personals und die fortgesetzten Investitionen in IT und Marketing bei.<\/p>\n<p>Die Risikovorsorge belief sich auf 4,1 Mio. EUR (9M 2023: 9,0 Mio. EUR), was annualisierten Risikokosten von 8 Basispunkten entspricht. Der Anteil der Kredite der Stufe 3 auf Gruppenebene ist seit Jahresbeginn um 0,4 Prozentpunkte auf 2,3 % (Gesch\u00e4ftsjahr 2023: 2,7 %) gesunken.<\/p>\n<p><strong>Aktualisierte Prognose f\u00fcr das GJ 2024 in Bezug auf ausgew\u00e4hlte Kennzahlen<\/strong><\/p>\n<p>Aufgrund der Gesch\u00e4ftsentwicklung in den ersten neun Monaten und den Erwartungen f\u00fcr das vierte Quartal hat der Vorstand am 5. November 2024 entschieden, ausgew\u00e4hlte Kennzahlen der Prognose f\u00fcr das GJ 2024 zu aktualisieren. Zu dieser Aktualisierung trugen die starke Gesch\u00e4ftsentwicklung seit Jahresbeginn, die beschleunigte Umsetzung strategischer Investitionen, sowie geringere Erwartungen an den Gewinnbeitrag der Banken in der Ukraine und in Ecuador f\u00fcr das Gesamtjahr bei.<\/p>\n<p>Der Vorstand erwartet nun ein Wachstum des Kreditportfolios um mehr als 10 % (zuvor: w\u00e4hrungsbereinigt etwa 10 %). Dies spiegelt die st\u00e4rker als erwartete Entwicklung des Kreditportfolios seit Jahresbeginn wider, aber ber\u00fccksichtigt auch eine saisonal geringere KMU-Kreditvergabe gegen Ende des Jahres.<\/p>\n<p>Das Kosten-Ertrags-Verh\u00e4ltnis wird jetzt bei etwa 66 % erwartet (zuvor 63 % +\/- 1 Prozentpunkt). Wesentliche Projekte, wie die Platzierung von Tier-2-Anleihen im April, wurden erfolgreich, vorzeitig und in gr\u00f6\u00dferem Umfang durchgef\u00fchrt. Zudem konnten wichtige Investitionen, insbesondere in den Bereichen Personal und IT, schneller als erwartet vorangetrieben werden, was alles zu einer Erh\u00f6hung dieser Kennzahl beitrug.<\/p>\n<p>Die Eigenkapitalrendite wird nun bei etwa 10 % erwartet (zuvor 10\u201312 %). Dies spiegelt unter anderem die neuerliche Erwartung einer vor\u00fcbergehenden Erh\u00f6hung des Steuersatzes f\u00fcr ukrainische Banken im GJ 2024 auf 50 % wider, was sich im vierten Quartal mit einem hohen einstelligen Millionenbetrag in Euro negativ auf das Konzernergebnis auswirken wird. Der Steuersatz f\u00fcr ukrainische Banken f\u00fcr die folgenden Jahre liegt bei 25 %. In diesem Update ist neben den insgesamt starken Gesch\u00e4ftsergebnissen der ProCredit Banken in S\u00fcdost- und Osteuropa auch die Verschlechterung der makro\u00f6konomischen Bedingungen f\u00fcr die Bank der Gruppe in Ecuador ber\u00fccksichtigt.<\/p>\n<p><strong>Komfortable Kapitalausstattung unterst\u00fctzt Wachstumsziele und geplante Dividendenaussch\u00fcttung im Jahr 2025<\/strong><\/p>\n<p>Mit einer harten Kernkapitalquote von 14,1 % und einer Gesamtkapitalquote von 17,3 % zum September 2024 ist die Kapitalausstattung der Gruppe weiterhin komfortabel. Zum September 2024 wurden die Gewinne f\u00fcr das erste Halbjahr 2024 als regulatorisches Kapital anerkannt, abz\u00fcglich der Dividendenabgrenzung von 1\/3 f\u00fcr diesen Zeitraum.<\/p>\n<p>Der Vorstand beabsichtigt im Einklang mit der Dividendenpolitik der Gruppe, der Hauptversammlung im Juni 2025 f\u00fcr das GJ 2024 eine Aussch\u00fcttung von 1\/3 des Konzernergebnisses vorzuschlagen.<\/p>\n<p>Die Quartalsmitteilung der ProCredit Gruppe zum 30. September 2024 steht ab heute auf der Webseite der ProCredit Holding unter Investor Relations <a href=\"https:\/\/www.procredit-holding.com\/de\/investor-relations\/berichte-und-veroffentlichungen\/finanzberichte\/\">https:\/\/www.procredit-holding.com\/de\/investor-relations\/berichte-und-veroffentlichungen\/finanzberichte\/<\/a> zur Verf\u00fcgung. Der Finanzkalender der ProCredit Holding ist abrufbar unter <a href=\"https:\/\/www.procredit-holding.com\/de\/investor-relations\/finanzkalender\/\">https:\/\/www.procredit-holding.com\/de\/investor-relations\/finanzkalender\/<\/a>.<\/p>\n<p><strong>9M 2024 Ergebnisse im \u00dcberblick<\/strong><\/p>\n<p>in Mio. EUR<\/p>\n<p><strong>Bilanz<\/strong><\/p>\n<table style=\"border-collapse: collapse;width: 100%\">\n<thead>\n<tr>\n<td style=\"width: 35.7692%\">\u00a0<\/td>\n<td style=\"width: 21.6667%;text-align: right\">30.09.2024<\/td>\n<td style=\"width: 21.5385%;text-align: right\">31.12.2023<\/td>\n<td style=\"width: 21.0256%;text-align: right\"><strong>Ver\u00e4nderung<\/strong><\/td>\n<\/tr>\n<\/thead>\n<tbody>\n<tr>\n<td style=\"width: 35.7692%\">Kreditportfolio<\/td>\n<td style=\"width: 21.6667%;text-align: right\">6.783,8<\/td>\n<td style=\"width: 21.5385%;text-align: right\">6.226,5<\/td>\n<td style=\"width: 21.0256%;text-align: right\">557,4<\/td>\n<\/tr>\n<tr>\n<td style=\"width: 35.7692%\">Einlagen<\/td>\n<td style=\"width: 21.6667%;text-align: right\">7.820,5<\/td>\n<td style=\"width: 21.5385%;text-align: right\">7.254,2<\/td>\n<td style=\"width: 21.0256%;text-align: right\">566,3<\/td>\n<\/tr>\n<\/tbody>\n<\/table>\n<p><strong>Gewinn- und Verlustrechnung<\/strong><\/p>\n<table style=\"border-collapse: collapse;width: 100%\">\n<thead>\n<tr>\n<td style=\"width: 35.7692%\">\u00a0<\/td>\n<td style=\"width: 21.6667%;text-align: right\"><strong>01.01. &#8211; 30.09.2024<\/strong><\/td>\n<td style=\"width: 21.6667%;text-align: right\"><strong>01.01. &#8211; 30.09.2023<\/strong><\/td>\n<td style=\"width: 20.8974%;text-align: right\"><strong>Ver\u00e4nderung<\/strong><\/td>\n<\/tr>\n<\/thead>\n<tbody>\n<tr>\n<td style=\"width: 35.7692%\">Zins\u00fcberschuss<\/td>\n<td style=\"width: 21.6667%;text-align: right\">270,6<\/td>\n<td style=\"width: 21.6667%;text-align: right\">244,7<\/td>\n<td style=\"width: 20.8974%;text-align: right\">25,9<\/td>\n<\/tr>\n<tr>\n<td style=\"width: 35.7692%\">Provisions\u00fcberschuss<\/td>\n<td style=\"width: 21.6667%;text-align: right\">44,0<\/td>\n<td style=\"width: 21.6667%;text-align: right\">43,2<\/td>\n<td style=\"width: 20.8974%;text-align: right\">0,8<\/td>\n<\/tr>\n<tr>\n<td style=\"width: 35.7692%\">Operativer Ertrag<\/td>\n<td style=\"width: 21.6667%;text-align: right\">330,7<\/td>\n<td style=\"width: 21.6667%;text-align: right\">301,2<\/td>\n<td style=\"width: 20.8974%;text-align: right\">29,5<\/td>\n<\/tr>\n<tr>\n<td style=\"width: 35.7692%\">Personal- und Verwaltungsaufwendungen<\/td>\n<td style=\"width: 21.6667%;text-align: right\">217,2<\/td>\n<td style=\"width: 21.6667%;text-align: right\">176,9<\/td>\n<td style=\"width: 20.8974%;text-align: right\">40,3<\/td>\n<\/tr>\n<tr>\n<td style=\"width: 35.7692%\">Risikovorsorge<\/td>\n<td style=\"width: 21.6667%;text-align: right\">4,1<\/td>\n<td style=\"width: 21.6667%;text-align: right\">9,0<\/td>\n<td style=\"width: 20.8974%;text-align: right\">-4,9<\/td>\n<\/tr>\n<tr>\n<td style=\"width: 35.7692%\">Konzernergebnis<\/td>\n<td style=\"width: 21.6667%;text-align: right\">84,8<\/td>\n<td style=\"width: 21.6667%;text-align: right\">94,0<\/td>\n<td style=\"width: 20.8974%;text-align: right\">-9,2<\/td>\n<\/tr>\n<\/tbody>\n<\/table>\n<p><strong>Zentrale Leistungsindikatoren<\/strong><\/p>\n<table style=\"border-collapse: collapse;width: 100%\">\n<thead>\n<tr>\n<td style=\"width: 35.7692%\">\u00a0<\/td>\n<td style=\"width: 21.6667%;text-align: right\"><strong>01.01. &#8211; 30.09.2024<\/strong><\/td>\n<td style=\"width: 21.5385%;text-align: right\"><strong>01.01. &#8211; 30.09.2023<\/strong><\/td>\n<td style=\"width: 21.0256%;text-align: right\"><strong>Ver\u00e4nderung<\/strong><\/td>\n<\/tr>\n<\/thead>\n<tbody>\n<tr>\n<td style=\"width: 35.7692%\">Wachstum des Kreditportfolios<\/td>\n<td style=\"width: 21.6667%;text-align: right\">9,0 %<\/td>\n<td style=\"width: 21.5385%;text-align: right\">1,9 %<\/td>\n<td style=\"width: 21.0256%;text-align: right\">7,0 Pp<\/td>\n<\/tr>\n<tr>\n<td style=\"width: 35.7692%\">Kosten-Ertrags-Verh\u00e4ltnis<\/td>\n<td style=\"width: 21.6667%;text-align: right\">65,7 %<\/td>\n<td style=\"width: 21.5385%;text-align: right\">58,7 %<\/td>\n<td style=\"width: 21.0256%;text-align: right\">6,9 Pp<\/td>\n<\/tr>\n<tr>\n<td style=\"width: 35.7692%\">Eigenkapitalrendite (annualisiert)<\/td>\n<td style=\"width: 21.6667%;text-align: right\">11,3 %<\/td>\n<td style=\"width: 21.5385%;text-align: right\">13,6 %<\/td>\n<td style=\"width: 21.0256%;text-align: right\">-2,3 Pp<\/td>\n<\/tr>\n<\/tbody>\n<\/table>\n<table style=\"border-collapse: collapse;width: 100%;height: 63px\">\n<thead>\n<tr style=\"height: 21px\">\n<td style=\"width: 35.7692%;height: 21px\">\u00a0<\/td>\n<td style=\"width: 21.6667%;height: 21px;text-align: right\"><strong>30.09.2024<\/strong><\/td>\n<td style=\"width: 21.5385%;height: 21px;text-align: right\"><strong>31.12.2023<\/strong><\/td>\n<td style=\"width: 21.0256%;height: 21px;text-align: right\"><strong>Ver\u00e4nderung<\/strong><\/td>\n<\/tr>\n<\/thead>\n<tbody>\n<tr style=\"height: 21px\">\n<td style=\"width: 35.7692%;height: 21px\">Harte Kernkapitalquote<\/td>\n<td style=\"width: 21.6667%;height: 21px;text-align: right\">14,1 %<\/td>\n<td style=\"width: 21.5385%;height: 21px;text-align: right\">14,3 %<\/td>\n<td style=\"width: 21.0256%;height: 21px;text-align: right\">-0,2 Pp<\/td>\n<\/tr>\n<\/tbody>\n<\/table>\n<p><strong>Zus\u00e4tzliche Indikatoren<\/strong><\/p>\n<table style=\"border-collapse: collapse;width: 100%;height: 146px\">\n<thead>\n<tr style=\"height: 21px\">\n<td style=\"width: 35.7692%;height: 21px\">\u00a0<\/td>\n<td style=\"width: 21.6667%;height: 21px;text-align: right\"><strong>30.09.2024<\/strong><\/td>\n<td style=\"width: 21.5385%;height: 21px;text-align: right\"><strong>31.12.2023<\/strong><\/td>\n<td style=\"width: 21.0256%;height: 21px;text-align: right\"><strong>Ver\u00e4nderung<\/strong><\/td>\n<\/tr>\n<\/thead>\n<tbody>\n<tr style=\"height: 21px\">\n<td style=\"width: 35.7692%;height: 21px\">Einlagen zu Kreditportfolio<\/td>\n<td style=\"width: 21.6667%;height: 21px;text-align: right\">115,3 %<\/td>\n<td style=\"width: 21.5385%;height: 21px;text-align: right\">116,5 %<\/td>\n<td style=\"width: 21.0256%;height: 21px;text-align: right\">-1,2 Pp<\/td>\n<\/tr>\n<tr style=\"height: 21px\">\n<td style=\"width: 35.7692%;height: 21px\">Nettozinsmarge (annualisiert)<\/td>\n<td style=\"width: 21.6667%;height: 21px;text-align: right\">3,6 %<\/td>\n<td style=\"width: 21.5385%;height: 21px;text-align: right\">3,6 %<\/td>\n<td style=\"width: 21.0256%;height: 21px;text-align: right\">0,0 Pp<\/td>\n<\/tr>\n<tr style=\"height: 21px\">\n<td style=\"width: 35.7692%;height: 21px\">Risikokosten (annualisiert)<\/td>\n<td style=\"width: 21.6667%;height: 21px;text-align: right\">8 Bp<\/td>\n<td style=\"width: 21.5385%;height: 21px;text-align: right\">25 Bp<\/td>\n<td style=\"width: 21.0256%;height: 21px;text-align: right\">-17 Bp<\/td>\n<\/tr>\n<tr style=\"height: 20px\">\n<td style=\"width: 35.7692%;height: 20px\">Anteil ausgefallener Kredite<\/td>\n<td style=\"width: 21.6667%;height: 20px;text-align: right\">2,3 %<\/td>\n<td style=\"width: 21.5385%;height: 20px;text-align: right\">2,7 %<\/td>\n<td style=\"width: 21.0256%;height: 20px;text-align: right\">-0,4 Pp<\/td>\n<\/tr>\n<tr style=\"height: 21px\">\n<td style=\"width: 35.7692%;height: 21px\">Risikodeckungsgrad der Stufe 3<\/td>\n<td style=\"width: 21.6667%;height: 21px;text-align: right\">56,1 %<\/td>\n<td style=\"width: 21.5385%;height: 21px;text-align: right\">57,6 %<\/td>\n<td style=\"width: 21.0256%;height: 21px;text-align: right\">-1,5 Pp<\/td>\n<\/tr>\n<tr style=\"height: 21px\">\n<td style=\"width: 35.7692%;height: 21px\">Gr\u00fcnes Kreditportfolio (in Mio. EUR)<\/td>\n<td style=\"width: 21.6667%;height: 21px;text-align: right\">1.318,7<\/td>\n<td style=\"width: 21.5385%;height: 21px;text-align: right\">1.268,3<\/td>\n<td style=\"width: 21.0256%;height: 21px;text-align: right\">4,0 %<\/td>\n<\/tr>\n<\/tbody>\n<\/table>\n<p><strong>Kontakt:<\/strong><\/p>\n<p>Andrea Kaufmann, Group Communications, ProCredit Holding, Tel.: +49 69 95 14 37 138, <br \/>\nE-Mail: <a href=\"mailto:Andrea.Kaufmann@procredit-group.com\">Andrea.Kaufmann@procredit-group.com<\/a><\/p>\n<p><strong>\u00dcber die ProCredit Holding AG<\/strong><\/p>\n<p>Die ProCredit Holding AG mit Sitz in Frankfurt am Main, Deutschland, ist die Muttergesellschaft der entwicklungsorientierten ProCredit Gruppe, die aus Gesch\u00e4ftsbanken f\u00fcr kleine und mittlere Unternehmen (KMU) mit operativem Fokus auf S\u00fcdost- und Osteuropa besteht. Zus\u00e4tzlich zu diesem regionalen Schwerpunkt ist die ProCredit Gruppe auch in S\u00fcdamerika und in Deutschland t\u00e4tig. Die Aktien des Unternehmens werden im Prime Standard der Frankfurter Wertpapierb\u00f6rse gehandelt. Zu den Hauptaktion\u00e4ren der ProCredit Holding AG geh\u00f6ren die strategischen Investoren Zeitinger Invest GmbH und ProCredit Staff Invest GmbH &amp; Co. KG, die KfW, die niederl\u00e4ndische DOEN Participaties BV und die Europ\u00e4ische Bank f\u00fcr Wiederaufbau und Entwicklung (European Bank for Reconstruction and Development \u2013 EBRD). Die ProCredit Holding AG unterliegt als \u00fcbergeordnetes Unternehmen im Sinne des Kreditwesengesetzes der Bundesrepublik Deutschland auf Konzernebene und als Mutterfinanzholdinggesellschaft der ProCredit-Finanzholdinggruppe der Aufsicht durch die Bundesanstalt f\u00fcr Finanzdienstleistungsaufsicht (BaFin) und die Deutsche Bundesbank. Weiterf\u00fchrende Informationen erhalten Sie im Internet auf der Webseite <a href=\"https:\/\/www.procredit-holding.com\/de\/\">https:\/\/www.procredit-holding.com\/de\/<\/a><\/p>\n<p><strong>Zukunftsgerichtete Aussagen<\/strong><\/p>\n<p>Diese Mitteilung enth\u00e4lt Aussagen, die sich auf unseren k\u00fcnftigen Gesch\u00e4ftsverlauf und k\u00fcnftige finanzielle Leistungsparameter sowie auf k\u00fcnftige die ProCredit Holding betreffende Vorg\u00e4nge oder Entwicklungen beziehen und zukunftsgerichtete Aussagen darstellen k\u00f6nnen. Solche Aussagen beruhen auf den gegenw\u00e4rtigen Erwartungen und bestimmten Annahmen des Managements der ProCredit Holding, von denen zahlreiche au\u00dferhalb des Einflussbereichs der ProCredit Holding liegen. Sie unterliegen daher einer Vielzahl von Risiken, Ungewissheiten und Faktoren. Sollten sich eines oder mehrere dieser Risiken oder Ungewissheiten realisieren oder sollte es sich erweisen, dass die zugrunde liegenden Erwartungen nicht eintreten beziehungsweise Annahmen nicht korrekt waren, k\u00f6nnen die tats\u00e4chlichen Ergebnisse, Leistungen und Erfolge der ProCredit Holding (sowohl negativ als auch positiv) wesentlich von denjenigen Ergebnissen abweichen, die ausdr\u00fccklich oder implizit in der zukunftsgerichteten Aussage genannt worden sind. \u00dcber die gesetzlichen Anforderungen hinaus \u00fcbernimmt die ProCredit Holding keine Verpflichtung und beabsichtigt auch nicht, diese zukunftsgerichteten Aussagen zu aktualisieren oder bei einer anderen als der erwarteten Entwicklung zu korrigieren.<\/p>\n","protected":false},"excerpt":{"rendered":"<p>Kreditportfolio w\u00e4chst deutlich um 9,0 %, Haupttreiber sind die Segmente Privatkund*innen, Kleinst- und Kleinunternehmen Wachstum der Einlagen um 7,8 % und der Anzahl der Kund*innen um 7,4 % unterstreicht gute Fortschritte der Gruppe auf ihrem Wachstumskurs 9M-Ergebnis von 84,8 Mio. EUR entspricht einer Eigenkapitalrendite von 11,3 % Anstieg des operativen Ertrags um +9,8 % und &hellip; <\/p>\n<p class=\"link-more\"><a href=\"https:\/\/www.procredit-holding.com\/de\/2024\/11\/14\/procredit-9m-ergebnis-starkes-kreditwachstum-unterstreicht-wachstumsambitionen-der-gruppe\/\" class=\"more-link\">Continue reading<span class=\"screen-reader-text\"> &#8220;ProCredit 9M-Ergebnis: Starkes Kreditwachstum unterstreicht Wachstumsambitionen der Gruppe&#8221;<\/span><\/a><\/p>\n","protected":false},"author":4,"featured_media":0,"comment_status":"closed","ping_status":"open","sticky":false,"template":"","format":"standard","meta":{"_acf_changed":false,"footnotes":""},"categories":[1,4],"tags":[],"class_list":["post-14252","post","type-post","status-publish","format-standard","hentry","category-corporate-news","category-press-releases"],"acf":[],"yoast_head":"<!-- This site is optimized with the Yoast SEO plugin v27.4 - https:\/\/yoast.com\/product\/yoast-seo-wordpress\/ -->\n<title>ProCredit 9M-Ergebnis: Starkes Kreditwachstum unterstreicht Wachstumsambitionen der Gruppe - PCH (DE)<\/title>\n<meta name=\"robots\" content=\"index, follow, max-snippet:-1, max-image-preview:large, max-video-preview:-1\" \/>\n<link rel=\"canonical\" href=\"https:\/\/www.procredit-holding.com\/de\/2024\/11\/14\/procredit-9m-ergebnis-starkes-kreditwachstum-unterstreicht-wachstumsambitionen-der-gruppe\/\" \/>\n<meta property=\"og:locale\" content=\"en_US\" \/>\n<meta property=\"og:type\" content=\"article\" \/>\n<meta property=\"og:title\" content=\"ProCredit 9M-Ergebnis: Starkes Kreditwachstum unterstreicht Wachstumsambitionen der Gruppe - PCH (DE)\" \/>\n<meta property=\"og:description\" content=\"Kreditportfolio w\u00e4chst deutlich um 9,0 %, Haupttreiber sind die Segmente Privatkund*innen, Kleinst- und Kleinunternehmen Wachstum der Einlagen um 7,8 % und der Anzahl der Kund*innen um 7,4 % unterstreicht gute Fortschritte der Gruppe auf ihrem Wachstumskurs 9M-Ergebnis von 84,8 Mio. EUR entspricht einer Eigenkapitalrendite von 11,3 % Anstieg des operativen Ertrags um +9,8 % und &hellip; Continue reading &quot;ProCredit 9M-Ergebnis: Starkes Kreditwachstum unterstreicht Wachstumsambitionen der Gruppe&quot;\" \/>\n<meta property=\"og:url\" content=\"https:\/\/www.procredit-holding.com\/de\/2024\/11\/14\/procredit-9m-ergebnis-starkes-kreditwachstum-unterstreicht-wachstumsambitionen-der-gruppe\/\" \/>\n<meta property=\"og:site_name\" content=\"PCH (DE)\" \/>\n<meta property=\"article:published_time\" content=\"2024-11-14T06:03:47+00:00\" \/>\n<meta property=\"article:modified_time\" content=\"2025-05-19T13:00:02+00:00\" \/>\n<meta name=\"author\" content=\"Sanda Gvozdenovic\" \/>\n<meta name=\"twitter:card\" content=\"summary_large_image\" \/>\n<meta name=\"twitter:label1\" content=\"Written by\" \/>\n\t<meta name=\"twitter:data1\" content=\"Sanda Gvozdenovic\" \/>\n\t<meta name=\"twitter:label2\" content=\"Est. reading time\" \/>\n\t<meta name=\"twitter:data2\" content=\"7 minutes\" \/>\n<script type=\"application\/ld+json\" class=\"yoast-schema-graph\">{\"@context\":\"https:\\\/\\\/schema.org\",\"@graph\":[{\"@type\":\"Article\",\"@id\":\"https:\\\/\\\/www.procredit-holding.com\\\/de\\\/2024\\\/11\\\/14\\\/procredit-9m-ergebnis-starkes-kreditwachstum-unterstreicht-wachstumsambitionen-der-gruppe\\\/#article\",\"isPartOf\":{\"@id\":\"https:\\\/\\\/www.procredit-holding.com\\\/de\\\/2024\\\/11\\\/14\\\/procredit-9m-ergebnis-starkes-kreditwachstum-unterstreicht-wachstumsambitionen-der-gruppe\\\/\"},\"author\":{\"name\":\"Sanda Gvozdenovic\",\"@id\":\"https:\\\/\\\/www.procredit-holding.com\\\/de\\\/#\\\/schema\\\/person\\\/9effcdf0f448e0c4f2c7a7814b6173ab\"},\"headline\":\"ProCredit 9M-Ergebnis: Starkes Kreditwachstum unterstreicht Wachstumsambitionen der Gruppe\",\"datePublished\":\"2024-11-14T06:03:47+00:00\",\"dateModified\":\"2025-05-19T13:00:02+00:00\",\"mainEntityOfPage\":{\"@id\":\"https:\\\/\\\/www.procredit-holding.com\\\/de\\\/2024\\\/11\\\/14\\\/procredit-9m-ergebnis-starkes-kreditwachstum-unterstreicht-wachstumsambitionen-der-gruppe\\\/\"},\"wordCount\":1426,\"publisher\":{\"@id\":\"https:\\\/\\\/www.procredit-holding.com\\\/de\\\/#organization\"},\"articleSection\":[\"Corporate News\",\"Pressemitteilungen\"],\"inLanguage\":\"en-US\"},{\"@type\":\"WebPage\",\"@id\":\"https:\\\/\\\/www.procredit-holding.com\\\/de\\\/2024\\\/11\\\/14\\\/procredit-9m-ergebnis-starkes-kreditwachstum-unterstreicht-wachstumsambitionen-der-gruppe\\\/\",\"url\":\"https:\\\/\\\/www.procredit-holding.com\\\/de\\\/2024\\\/11\\\/14\\\/procredit-9m-ergebnis-starkes-kreditwachstum-unterstreicht-wachstumsambitionen-der-gruppe\\\/\",\"name\":\"ProCredit 9M-Ergebnis: Starkes Kreditwachstum unterstreicht Wachstumsambitionen der Gruppe - PCH (DE)\",\"isPartOf\":{\"@id\":\"https:\\\/\\\/www.procredit-holding.com\\\/de\\\/#website\"},\"datePublished\":\"2024-11-14T06:03:47+00:00\",\"dateModified\":\"2025-05-19T13:00:02+00:00\",\"breadcrumb\":{\"@id\":\"https:\\\/\\\/www.procredit-holding.com\\\/de\\\/2024\\\/11\\\/14\\\/procredit-9m-ergebnis-starkes-kreditwachstum-unterstreicht-wachstumsambitionen-der-gruppe\\\/#breadcrumb\"},\"inLanguage\":\"en-US\",\"potentialAction\":[{\"@type\":\"ReadAction\",\"target\":[\"https:\\\/\\\/www.procredit-holding.com\\\/de\\\/2024\\\/11\\\/14\\\/procredit-9m-ergebnis-starkes-kreditwachstum-unterstreicht-wachstumsambitionen-der-gruppe\\\/\"]}]},{\"@type\":\"BreadcrumbList\",\"@id\":\"https:\\\/\\\/www.procredit-holding.com\\\/de\\\/2024\\\/11\\\/14\\\/procredit-9m-ergebnis-starkes-kreditwachstum-unterstreicht-wachstumsambitionen-der-gruppe\\\/#breadcrumb\",\"itemListElement\":[{\"@type\":\"ListItem\",\"position\":1,\"name\":\"Home\",\"item\":\"https:\\\/\\\/www.procredit-holding.com\\\/de\\\/\"},{\"@type\":\"ListItem\",\"position\":2,\"name\":\"ProCredit 9M-Ergebnis: Starkes Kreditwachstum unterstreicht Wachstumsambitionen der Gruppe\"}]},{\"@type\":\"WebSite\",\"@id\":\"https:\\\/\\\/www.procredit-holding.com\\\/de\\\/#website\",\"url\":\"https:\\\/\\\/www.procredit-holding.com\\\/de\\\/\",\"name\":\"ProCredit Holding (de)\",\"description\":\"An international development-oriented commercial banking group\",\"publisher\":{\"@id\":\"https:\\\/\\\/www.procredit-holding.com\\\/de\\\/#organization\"},\"potentialAction\":[{\"@type\":\"SearchAction\",\"target\":{\"@type\":\"EntryPoint\",\"urlTemplate\":\"https:\\\/\\\/www.procredit-holding.com\\\/de\\\/?s={search_term_string}\"},\"query-input\":{\"@type\":\"PropertyValueSpecification\",\"valueRequired\":true,\"valueName\":\"search_term_string\"}}],\"inLanguage\":\"en-US\"},{\"@type\":\"Organization\",\"@id\":\"https:\\\/\\\/www.procredit-holding.com\\\/de\\\/#organization\",\"name\":\"ProCredit Holding AG\",\"url\":\"https:\\\/\\\/www.procredit-holding.com\\\/de\\\/\",\"logo\":{\"@type\":\"ImageObject\",\"inLanguage\":\"en-US\",\"@id\":\"https:\\\/\\\/www.procredit-holding.com\\\/de\\\/#\\\/schema\\\/logo\\\/image\\\/\",\"url\":\"https:\\\/\\\/www.procredit-holding.com\\\/de\\\/wp-content\\\/uploads\\\/sites\\\/2\\\/2017\\\/05\\\/logo-pch.png\",\"contentUrl\":\"https:\\\/\\\/www.procredit-holding.com\\\/de\\\/wp-content\\\/uploads\\\/sites\\\/2\\\/2017\\\/05\\\/logo-pch.png\",\"width\":265,\"height\":90,\"caption\":\"ProCredit Holding AG\"},\"image\":{\"@id\":\"https:\\\/\\\/www.procredit-holding.com\\\/de\\\/#\\\/schema\\\/logo\\\/image\\\/\"},\"sameAs\":[\"https:\\\/\\\/www.linkedin.com\\\/company\\\/procredit-holding\"]},{\"@type\":\"Person\",\"@id\":\"https:\\\/\\\/www.procredit-holding.com\\\/de\\\/#\\\/schema\\\/person\\\/9effcdf0f448e0c4f2c7a7814b6173ab\",\"name\":\"Sanda Gvozdenovic\",\"image\":{\"@type\":\"ImageObject\",\"inLanguage\":\"en-US\",\"@id\":\"https:\\\/\\\/secure.gravatar.com\\\/avatar\\\/53db8b5e1f19e3c9d02cd415ca3e498e0a77551b33c500c026f04ea17a0d1a63?s=96&d=mm&r=g\",\"url\":\"https:\\\/\\\/secure.gravatar.com\\\/avatar\\\/53db8b5e1f19e3c9d02cd415ca3e498e0a77551b33c500c026f04ea17a0d1a63?s=96&d=mm&r=g\",\"contentUrl\":\"https:\\\/\\\/secure.gravatar.com\\\/avatar\\\/53db8b5e1f19e3c9d02cd415ca3e498e0a77551b33c500c026f04ea17a0d1a63?s=96&d=mm&r=g\",\"caption\":\"Sanda Gvozdenovic\"},\"sameAs\":[\"https:\\\/\\\/www.procredit-holding.com\\\/\"],\"url\":\"https:\\\/\\\/www.procredit-holding.com\\\/de\\\/author\\\/sgvozdenovic\\\/\"}]}<\/script>\n<!-- \/ Yoast SEO plugin. -->","yoast_head_json":{"title":"ProCredit 9M-Ergebnis: Starkes Kreditwachstum unterstreicht Wachstumsambitionen der Gruppe - PCH (DE)","robots":{"index":"index","follow":"follow","max-snippet":"max-snippet:-1","max-image-preview":"max-image-preview:large","max-video-preview":"max-video-preview:-1"},"canonical":"https:\/\/www.procredit-holding.com\/de\/2024\/11\/14\/procredit-9m-ergebnis-starkes-kreditwachstum-unterstreicht-wachstumsambitionen-der-gruppe\/","og_locale":"en_US","og_type":"article","og_title":"ProCredit 9M-Ergebnis: Starkes Kreditwachstum unterstreicht Wachstumsambitionen der Gruppe - PCH (DE)","og_description":"Kreditportfolio w\u00e4chst deutlich um 9,0 %, Haupttreiber sind die Segmente Privatkund*innen, Kleinst- und Kleinunternehmen Wachstum der Einlagen um 7,8 % und der Anzahl der Kund*innen um 7,4 % unterstreicht gute Fortschritte der Gruppe auf ihrem Wachstumskurs 9M-Ergebnis von 84,8 Mio. EUR entspricht einer Eigenkapitalrendite von 11,3 % Anstieg des operativen Ertrags um +9,8 % und &hellip; Continue reading \"ProCredit 9M-Ergebnis: Starkes Kreditwachstum unterstreicht Wachstumsambitionen der Gruppe\"","og_url":"https:\/\/www.procredit-holding.com\/de\/2024\/11\/14\/procredit-9m-ergebnis-starkes-kreditwachstum-unterstreicht-wachstumsambitionen-der-gruppe\/","og_site_name":"PCH (DE)","article_published_time":"2024-11-14T06:03:47+00:00","article_modified_time":"2025-05-19T13:00:02+00:00","author":"Sanda Gvozdenovic","twitter_card":"summary_large_image","twitter_misc":{"Written by":"Sanda Gvozdenovic","Est. reading time":"7 minutes"},"schema":{"@context":"https:\/\/schema.org","@graph":[{"@type":"Article","@id":"https:\/\/www.procredit-holding.com\/de\/2024\/11\/14\/procredit-9m-ergebnis-starkes-kreditwachstum-unterstreicht-wachstumsambitionen-der-gruppe\/#article","isPartOf":{"@id":"https:\/\/www.procredit-holding.com\/de\/2024\/11\/14\/procredit-9m-ergebnis-starkes-kreditwachstum-unterstreicht-wachstumsambitionen-der-gruppe\/"},"author":{"name":"Sanda Gvozdenovic","@id":"https:\/\/www.procredit-holding.com\/de\/#\/schema\/person\/9effcdf0f448e0c4f2c7a7814b6173ab"},"headline":"ProCredit 9M-Ergebnis: Starkes Kreditwachstum unterstreicht Wachstumsambitionen der Gruppe","datePublished":"2024-11-14T06:03:47+00:00","dateModified":"2025-05-19T13:00:02+00:00","mainEntityOfPage":{"@id":"https:\/\/www.procredit-holding.com\/de\/2024\/11\/14\/procredit-9m-ergebnis-starkes-kreditwachstum-unterstreicht-wachstumsambitionen-der-gruppe\/"},"wordCount":1426,"publisher":{"@id":"https:\/\/www.procredit-holding.com\/de\/#organization"},"articleSection":["Corporate News","Pressemitteilungen"],"inLanguage":"en-US"},{"@type":"WebPage","@id":"https:\/\/www.procredit-holding.com\/de\/2024\/11\/14\/procredit-9m-ergebnis-starkes-kreditwachstum-unterstreicht-wachstumsambitionen-der-gruppe\/","url":"https:\/\/www.procredit-holding.com\/de\/2024\/11\/14\/procredit-9m-ergebnis-starkes-kreditwachstum-unterstreicht-wachstumsambitionen-der-gruppe\/","name":"ProCredit 9M-Ergebnis: Starkes Kreditwachstum unterstreicht Wachstumsambitionen der Gruppe - PCH (DE)","isPartOf":{"@id":"https:\/\/www.procredit-holding.com\/de\/#website"},"datePublished":"2024-11-14T06:03:47+00:00","dateModified":"2025-05-19T13:00:02+00:00","breadcrumb":{"@id":"https:\/\/www.procredit-holding.com\/de\/2024\/11\/14\/procredit-9m-ergebnis-starkes-kreditwachstum-unterstreicht-wachstumsambitionen-der-gruppe\/#breadcrumb"},"inLanguage":"en-US","potentialAction":[{"@type":"ReadAction","target":["https:\/\/www.procredit-holding.com\/de\/2024\/11\/14\/procredit-9m-ergebnis-starkes-kreditwachstum-unterstreicht-wachstumsambitionen-der-gruppe\/"]}]},{"@type":"BreadcrumbList","@id":"https:\/\/www.procredit-holding.com\/de\/2024\/11\/14\/procredit-9m-ergebnis-starkes-kreditwachstum-unterstreicht-wachstumsambitionen-der-gruppe\/#breadcrumb","itemListElement":[{"@type":"ListItem","position":1,"name":"Home","item":"https:\/\/www.procredit-holding.com\/de\/"},{"@type":"ListItem","position":2,"name":"ProCredit 9M-Ergebnis: Starkes Kreditwachstum unterstreicht Wachstumsambitionen der Gruppe"}]},{"@type":"WebSite","@id":"https:\/\/www.procredit-holding.com\/de\/#website","url":"https:\/\/www.procredit-holding.com\/de\/","name":"ProCredit Holding (de)","description":"An international development-oriented commercial banking group","publisher":{"@id":"https:\/\/www.procredit-holding.com\/de\/#organization"},"potentialAction":[{"@type":"SearchAction","target":{"@type":"EntryPoint","urlTemplate":"https:\/\/www.procredit-holding.com\/de\/?s={search_term_string}"},"query-input":{"@type":"PropertyValueSpecification","valueRequired":true,"valueName":"search_term_string"}}],"inLanguage":"en-US"},{"@type":"Organization","@id":"https:\/\/www.procredit-holding.com\/de\/#organization","name":"ProCredit Holding AG","url":"https:\/\/www.procredit-holding.com\/de\/","logo":{"@type":"ImageObject","inLanguage":"en-US","@id":"https:\/\/www.procredit-holding.com\/de\/#\/schema\/logo\/image\/","url":"https:\/\/www.procredit-holding.com\/de\/wp-content\/uploads\/sites\/2\/2017\/05\/logo-pch.png","contentUrl":"https:\/\/www.procredit-holding.com\/de\/wp-content\/uploads\/sites\/2\/2017\/05\/logo-pch.png","width":265,"height":90,"caption":"ProCredit Holding AG"},"image":{"@id":"https:\/\/www.procredit-holding.com\/de\/#\/schema\/logo\/image\/"},"sameAs":["https:\/\/www.linkedin.com\/company\/procredit-holding"]},{"@type":"Person","@id":"https:\/\/www.procredit-holding.com\/de\/#\/schema\/person\/9effcdf0f448e0c4f2c7a7814b6173ab","name":"Sanda Gvozdenovic","image":{"@type":"ImageObject","inLanguage":"en-US","@id":"https:\/\/secure.gravatar.com\/avatar\/53db8b5e1f19e3c9d02cd415ca3e498e0a77551b33c500c026f04ea17a0d1a63?s=96&d=mm&r=g","url":"https:\/\/secure.gravatar.com\/avatar\/53db8b5e1f19e3c9d02cd415ca3e498e0a77551b33c500c026f04ea17a0d1a63?s=96&d=mm&r=g","contentUrl":"https:\/\/secure.gravatar.com\/avatar\/53db8b5e1f19e3c9d02cd415ca3e498e0a77551b33c500c026f04ea17a0d1a63?s=96&d=mm&r=g","caption":"Sanda Gvozdenovic"},"sameAs":["https:\/\/www.procredit-holding.com\/"],"url":"https:\/\/www.procredit-holding.com\/de\/author\/sgvozdenovic\/"}]}},"_links":{"self":[{"href":"https:\/\/www.procredit-holding.com\/de\/wp-json\/wp\/v2\/posts\/14252","targetHints":{"allow":["GET"]}}],"collection":[{"href":"https:\/\/www.procredit-holding.com\/de\/wp-json\/wp\/v2\/posts"}],"about":[{"href":"https:\/\/www.procredit-holding.com\/de\/wp-json\/wp\/v2\/types\/post"}],"author":[{"embeddable":true,"href":"https:\/\/www.procredit-holding.com\/de\/wp-json\/wp\/v2\/users\/4"}],"replies":[{"embeddable":true,"href":"https:\/\/www.procredit-holding.com\/de\/wp-json\/wp\/v2\/comments?post=14252"}],"version-history":[{"count":4,"href":"https:\/\/www.procredit-holding.com\/de\/wp-json\/wp\/v2\/posts\/14252\/revisions"}],"predecessor-version":[{"id":14848,"href":"https:\/\/www.procredit-holding.com\/de\/wp-json\/wp\/v2\/posts\/14252\/revisions\/14848"}],"wp:attachment":[{"href":"https:\/\/www.procredit-holding.com\/de\/wp-json\/wp\/v2\/media?parent=14252"}],"wp:term":[{"taxonomy":"category","embeddable":true,"href":"https:\/\/www.procredit-holding.com\/de\/wp-json\/wp\/v2\/categories?post=14252"},{"taxonomy":"post_tag","embeddable":true,"href":"https:\/\/www.procredit-holding.com\/de\/wp-json\/wp\/v2\/tags?post=14252"}],"curies":[{"name":"wp","href":"https:\/\/api.w.org\/{rel}","templated":true}]}}