{"id":3349,"date":"2016-12-22T08:00:22","date_gmt":"2016-12-22T06:00:22","guid":{"rendered":"https:\/\/pchtest.procredit-holding.com\/?p=3349"},"modified":"2019-01-25T16:41:47","modified_gmt":"2019-01-25T14:41:47","slug":"first-day-trading-frankfurt-stock-exchange","status":"publish","type":"post","link":"https:\/\/www.procredit-holding.com\/de\/2016\/12\/22\/first-day-trading-frankfurt-stock-exchange\/","title":{"rendered":"Erster Handelstag an der Frankfurter Wertpapierb\u00f6rse"},"content":{"rendered":"<ul>\n<li>Seit heute ist die Holdinggesellschaft der international t\u00e4tigen ProCredit Bankengruppe im Regulierten Markt (Prime Standard) der Frankfurter Wertpapierb\u00f6rse notiert<\/li>\n<li>Der Handel startete mit einem Einf\u00fchrungskurs von EUR 12,29<br \/>\n<!--more--><\/li>\n<\/ul>\n<p><strong>NICHT ZUR DIREKTEN ODER INDIREKTEN VERTEILUNG, VER\u00d6FFENTLICHUNG ODER WEITERLEITUNG IN ODER NACH: VEREINIGTE STAATEN VON AMERIKA, AUSTRALIEN, KANADA, JAPAN<\/strong><\/p>\n<p>Die ProCredit Holding AG &amp; Co. KGaA (ProCredit Holding), Holdinggesellschaft der international t\u00e4tigen ProCredit Gruppe (ProCredit), die aus Banken f\u00fcr kleine und mittlere Unternehmen (KMU) besteht, welche in erster Linie in den attraktiven und wachsenden Bankenm\u00e4rkten in S\u00fcdost- und Osteuropa operieren, hat ihre geplante B\u00f6rsennotierung an der Frankfurter Wertpapierb\u00f6rse erfolgreich durchgef\u00fchrt. Ab heute werden 53.544.084 Aktien der ProCredit Holding (ISIN DE0006223407 \/ WKN 622340) im Regulierten Markt (Prime Standard) der Frankfurter Wertpapierb\u00f6rse gehandelt. Der Einf\u00fchrungskurs lag bei EUR 12,29.<\/p>\n<p>Borislav Kostadinov, Mitglied des Managements der ProCredit Holding, zeigt sich erfreut: <em>\u201eDie in Frankfurt ans\u00e4ssige ProCredit Gruppe ist stolz mit dem heutigen Tag einen weiteren Meilenstein in ihrer erfolgreichen Entwicklung seit ihrer Formierung als Bankengruppe im Jahr 2003 erreicht zu haben. Wir \u00f6ffnen uns mit der Notierung an der Frankfurter Wertpapierb\u00f6rse f\u00fcr Investoren, die sich mit unserem einzigartigen Ansatz des Bankgesch\u00e4fts und unserer ethischen Unternehmensphilosophie identifizieren k\u00f6nnen, welche durch unsere hervorragend ausgebildeten Kundenberater umgesetzt und gelebt wird. Wir sind eine junge, moderne und hochintegrierte Bankengruppe, die in den Bankensektoren der Schwellenl\u00e4nder in S\u00fcdost- und Osteuropa als Hausbank f\u00fcr die KMU der Region sehr gut etabliert ist. Wir glauben an eine \u00f6konomische Entwicklung, die im Einklang mit \u00f6kologischen und sozialen Erw\u00e4gungen steht und legen gro\u00dfen Wert auf die F\u00f6rderung von Unternehmertum durch die Zusammenarbeit mit formalisierten, zukunftsorientierten KMU mit nachhaltigen Gesch\u00e4ftsmodellen. Mit unserer B\u00f6rsennotierung im Prime Standard der Frankfurter Wertpapierb\u00f6rse m\u00f6chten wir unser Bekenntnis zu Transparenz weiter unterstreichen, was unser Unternehmen schon immer auf seinem konsistent profitablen Entwicklungsweg charakterisiert hat.\u201c<\/em><\/p>\n<p>Die ProCredit Gruppe mit Sitz in Frankfurt am Main, mit operativem Fokus auf S\u00fcdost- und Osteuropa ist auch in Deutschland und S\u00fcdamerika t\u00e4tig. Sie verf\u00fcgt nachweislich \u00fcber eine durchweg hohe Qualit\u00e4t ihres Kreditportfolios und erzielte seit ihrer Formierung als Bankengruppe in jedem Jahr ein profitables Ergebnis.<\/p>\n<p>Zwischen 2013 und 2015 steigerte die ProCredit Gruppe ihre Rendite auf das durchschnittlich eingesetzte Eigenkapital (Return on Average Equity, kurz RoAE) von 7,7% auf 10,5%. Zum Stichtag 30.09.2016 belief sich die Bilanzsumme der ProCredit Gruppe auf\u00a0EUR 6,0 Milliarden, das ausstehende Kreditvolumen auf EUR 3,6 Milliarden und die Kundeneinlagen auf EUR 3,3 Milliarden.<\/p>\n<p>Angepasst um den positiven Effekt der Kapitalerh\u00f6hung um EUR 31,9 Millionen vom November 2016 (regulatorische Genehmigung vorausgesetzt) und um den Verkauf der Banco PyME Los Andes ProCredit S.A. in Bolivien, die am 14. Dezember 2016 abgeschlossen wurde, steht die harte Kernkapitalquote (CET 1, fully loaded) zum 30.09.2016 bei 12,3%. Der Abschluss des vorher genannten Verkaufs bewirkt die Aufl\u00f6sung der R\u00fccklage aus der W\u00e4hrungsumrechnung, die als au\u00dferordentlicher, positiver Ergebniseffekt in die Quartalszahlen Q4\/2016 der ProCredit Gruppe eingehen wird.<\/p>\n<p>Das Hauptaugenmerk der ProCredit Gruppe liegt auf der Bereitstellung von Krediten f\u00fcr KMU. Neben der Kreditvergabe bietet die ProCredit Gruppe ihren Gesch\u00e4ftskunden auch Zahlungsverkehr- und \u00dcberweisungsdienstleistungen an. Zur Erzielung eines h\u00f6heren Kundenkomforts erm\u00f6glicht ProCredit Einlagen und \u00dcberweisungsdienstleistungen auch im Rahmen des E-Banking. Dar\u00fcber hinaus verf\u00fcgen alle Filialen und Service-Points der ProCredit Banken au\u00dferhalb Deutschlands \u00fcber moderne 24-Stunden-Selbstbedienungsbereiche, in denen Einzahlungen und \u00dcberweisungen vorgenommen werden k\u00f6nnen.<\/p>\n<p>Die ProCredit Gruppe f\u00fchlt sich einer ethisch- und entwicklungsorientierten Unternehmenskultur verpflichtet. Ihr Finanzangebot f\u00fcr Gesch\u00e4ftskunden ist darauf ausgerichtet, die lokale G\u00fcterproduktion zu st\u00e4rken, Arbeitspl\u00e4tze zu schaffen, die lokale Innovationskraft zu steigern und \u00f6kologische Standards anzuheben.<\/p>\n<p><strong>\u00dcber die ProCredit Gruppe<\/strong><br \/>\nDie ProCredit Holding AG &amp; Co. KGaA mit Sitz in Frankfurt am Main, Deutschland, ist die Muttergesellschaft der international t\u00e4tigen ProCredit Gruppe, die aus Banken f\u00fcr kleine und mittlere Unternehmen (KMU) mit operativem Fokus auf S\u00fcdost- und Osteuropa besteht. Zus\u00e4tzlich zu diesem regionalen Schwerpunkt ist die ProCredit Gruppe auch in Deutschland und in S\u00fcdamerika t\u00e4tig. Zu den Hauptaktion\u00e4ren der ProCredit Holding AG &amp; Co. KGaA geh\u00f6ren die strategischen Investoren Zeitinger Invest und ProCredit Staff Invest (umfasst Investment-Vehikel f\u00fcr ProCredit-Mitarbeiter), die niederl\u00e4ndische DOEN Stiftung, die KfW und die IFC (Weltbankgruppe). Die ProCredit Holding AG &amp; Co. KGaA unterliegt als der Gruppe \u00fcbergeordnetes Unternehmen im Sinne des Kreditwesengesetzes der Bundesrepublik Deutschland auf konsolidierter Ebene der Aufsicht durch die Bundesanstalt f\u00fcr Finanzdienstleistungsaufsicht (BaFin) und durch die Deutsche Bundesbank. Weiterf\u00fchrende Informationen erhalten Sie unter www.procredit-holding.com.<\/p>\n<p><strong>Kontakt<\/strong>:<br \/>\n<span style=\"font-size: 1.6rem\">Andrea Kaufmann, Group Communications, ProCredit Holding, Tel.: +49 69 95 14 37 138, E-Mail: Andrea.Kaufmann@procredit-group.com<\/span><\/p>\n<p><strong>Wichtige Hinweise<\/strong><br \/>\nDiese Mitteilung und die hierin enthaltenen Informationen sind nicht f\u00fcr Personen in den Vereinigten Staaten von Amerika (die \u201eVereinigten Staaten\u201c), Australien, Kanada oder Japan bzw. anderen Jurisdiktionen, in denen eine solche Ver\u00f6ffentlichung oder Weitergabe rechtswidrig w\u00e4re, bestimmt und ist solchen Personen auch nicht zug\u00e4nglich zu machen.<\/p>\n<p>Diese Mitteilung stellt weder ein Angebot, bzw. Teil eines Angebots, noch eine Aufforderung zum Kauf von Wertpapieren in den Vereinigten Staaten, Australien, Kanada, Japan, oder irgendeiner anderen Jurisdiktion dar, unabh\u00e4ngig davon, ob ein solches Angebot bzw. eine solche Aufforderung zur Abgabe eines Angebots rechtswidrig w\u00e4re oder nicht.<\/p>\n<p>Die in dieser Mitteilung genannten Wertpapiere sind nicht und werden nicht nach den Vorschriften des U.S. Securities Act von 1933 in der derzeit g\u00fcltigen Fassung oder nach den Wertpapiergesetzen eines Bundesstaates, Territoriums, Bezirks oder einer Jurisdiktion der Vereinigten Staaten, Australiens, Kanadas oder Japans registriert. Vorbehaltlich bestimmter Ausnahmeregelungen nach dem jeweils anwendbaren Wertpapierrecht, d\u00fcrfen solche Wertpapiere in den Vereinigten Staaten, Australien, Kanada oder Japan sowie jeder anderen Jurisdiktion, sofern dies in der jeweiligen Jurisdiktion gegen relevante Gesetze versto\u00dfen oder die Registrierung dieser Wertpapiere erforderlich machen w\u00fcrde, weder direkt oder indirekt angeboten, verkauft, ausge\u00fcbt, \u00fcbertragen, geliefert oder vertrieben werden. Jegliches \u00f6ffentliche Angebot von Wertpapieren w\u00e4re in einem Angebotsprospekt enthalten, der ausf\u00fchrliche Informationen \u00fcber den Emittenten und die angebotenen Wertpapiere sowie eine Darstellung von Risiken, der Gesch\u00e4ftst\u00e4tigkeit des Emittenten und relevanter Finanzinformationen beinhalten w\u00fcrde.<\/p>\n<p>Diese Mitteilung stellt keinen Prospekt dar. Der von der BaFin gebilligte B\u00f6rsenzulassungsprospekt ist auf der Website der ProCredit Holding AG &amp; Co. KGaA (\u201eProCredit Holding\u201c) unter https:\/\/www.procredit-holding.com\/en\/investor-relations.html erh\u00e4ltlich. Der B\u00f6rsenzulassungsprospekt bezieht sich ausschlie\u00dflich auf die Zulassung des gesamten Grundkapitals der ProCredit Holding zum Handel am Regulierten Markt der Frankfurter Wertpapierb\u00f6rse mit gleichzeitiger Zulassung zum Teilbereich des Regulierten Marktes mit weiteren Zulassungsfolgepflichten (Prime Standard). Der B\u00f6rsenzulassungsprospekt wurde nicht als Angebotsprospekt in Deutschland oder einer anderen Jurisdiktion gebilligt; der B\u00f6rsenzulassungsprospekt ist weder dazu bestimmt, ein Angebot bzw. Teil eines Angebots bzw. eine Aufforderung zur Abgabe eines Angebots darzustellen, noch stellt dieser ein solches Angebot bzw. Teil eines Angebots oder eine Aufforderung zur Abgabe eines Angebots dar.<\/p>\n<p>Die Weitergabe dieser Mitteilung kann in bestimmten Jurisdiktionen gesetzlichen Beschr\u00e4nkungen unterliegen; Personen, die in den Besitz hierin genannter Dokumente oder sonstiger Informationen gelangen, sollten sich \u00fcber diese Beschr\u00e4nkungen informieren und diese beachten. Die Nichtbeachtung dieser Beschr\u00e4nkungen kann eine Verletzung des Wertpapierrechts dieser Jurisdiktionen darstellen.<\/p>\n<p>Diese Mitteilung kann zukunftsgerichtete Aussagen enthalten oder Aussagen, die als solche angesehen werden. Solche zukunftsgerichteten Aussagen k\u00f6nnen durch die Verwendung entsprechender W\u00f6rter wie etwa \u201eglauben\u201c, \u201eannehmen\u201c, \u201eplanen\u201c, \u201evoraussagen\u201c, \u201eerwarten\u201c, \u201evorhaben\u201c, \u201ek\u00f6nnen\u201c, \u201ewerden\u201c oder \u201esollen\u201c oder deren jeweilige Verneinung oder andere Variationen oder \u00e4hnliche W\u00f6rter identifiziert werden. Gleiches gilt f\u00fcr Aussagen betreffend Strategien, Pl\u00e4ne, Ziele, k\u00fcnftige Ereignisse oder Vorhaben. Zukunftsgerichtete Aussagen k\u00f6nnen von sp\u00e4teren Ergebnissen deutlich abweichen und weichen oftmals auch tats\u00e4chlich ab. S\u00e4mtliche zukunftsgerichteten Aussagen spiegeln die gegenw\u00e4rtige Ansicht von ProCredit Holding \u00fcber zuk\u00fcnftige Ereignisse wider und unterliegen Risiken in Bezug auf zuk\u00fcnftige Ereignisse und sonstigen Risiken, Ungewissheiten und Annahmen \u00fcber das Gesch\u00e4ft, die Verm\u00f6gens-, Finanz- und Ertragslage von ProCredit Holding, deren Liquidit\u00e4t, Aussichten, Wachstum oder Strategie. Zukunftsgerichtete Aussagen sind immer von dem\u00a0Blickwinkel des Datums aus zu betrachten, zu dem sie get\u00e4tigt werden. Sowohl ProCredit Holding als auch Joh. Berenberg, Gossler &amp; Co. KG, sowie die mit ihnen jeweils verbundenen Unternehmen, lehnen ausdr\u00fccklich jegliche Verpflichtung ab, in dieser Mitteilung enthaltene, zukunftsgerichtete Aussagen aufgrund neuer Informationen, k\u00fcnftiger Entwicklungen oder sonstiger Gr\u00fcnde zu aktualisieren, zu pr\u00fcfen oder anzupassen.<\/p>\n<p>Die Angaben in dieser Mitteilung dienen lediglich der Hintergrundinformation; ein Anspruch auf Vollst\u00e4ndigkeit wird nicht erhoben. Die Angaben in dieser Mitteilung oder ihre Richtigkeit oder Vollst\u00e4ndigkeit sind zu keinem Zweck als verl\u00e4sslich zu betrachten. Die Angaben in dieser Mitteilung k\u00f6nnen sich \u00e4ndern.<\/p>\n","protected":false},"excerpt":{"rendered":"<p>Seit heute ist die Holdinggesellschaft der international t\u00e4tigen ProCredit Bankengruppe im Regulierten Markt (Prime Standard) der Frankfurter Wertpapierb\u00f6rse notiert Der Handel startete mit einem Einf\u00fchrungskurs von EUR 12,29<\/p>\n","protected":false},"author":5,"featured_media":0,"comment_status":"open","ping_status":"open","sticky":false,"template":"","format":"standard","meta":{"_acf_changed":false,"footnotes":""},"categories":[1,4],"tags":[],"class_list":["post-3349","post","type-post","status-publish","format-standard","hentry","category-corporate-news","category-press-releases"],"acf":[],"yoast_head":"<!-- This site is optimized with the Yoast SEO plugin v27.5 - https:\/\/yoast.com\/product\/yoast-seo-wordpress\/ -->\n<title>Erster Handelstag an der Frankfurter Wertpapierb\u00f6rse - PCH (DE)<\/title>\n<meta name=\"robots\" content=\"index, follow, max-snippet:-1, max-image-preview:large, max-video-preview:-1\" \/>\n<link rel=\"canonical\" href=\"https:\/\/www.procredit-holding.com\/de\/2016\/12\/22\/first-day-trading-frankfurt-stock-exchange\/\" \/>\n<meta property=\"og:locale\" content=\"en_US\" \/>\n<meta property=\"og:type\" content=\"article\" \/>\n<meta property=\"og:title\" content=\"Erster Handelstag an der Frankfurter Wertpapierb\u00f6rse - PCH (DE)\" \/>\n<meta property=\"og:description\" content=\"Seit heute ist die Holdinggesellschaft der international t\u00e4tigen ProCredit Bankengruppe im Regulierten Markt (Prime Standard) der Frankfurter Wertpapierb\u00f6rse notiert Der Handel startete mit einem Einf\u00fchrungskurs von EUR 12,29\" \/>\n<meta property=\"og:url\" content=\"https:\/\/www.procredit-holding.com\/de\/2016\/12\/22\/first-day-trading-frankfurt-stock-exchange\/\" \/>\n<meta property=\"og:site_name\" content=\"PCH (DE)\" \/>\n<meta property=\"article:published_time\" content=\"2016-12-22T06:00:22+00:00\" \/>\n<meta property=\"article:modified_time\" content=\"2019-01-25T14:41:47+00:00\" \/>\n<meta name=\"author\" content=\"Regina Schrage\" \/>\n<meta name=\"twitter:card\" content=\"summary_large_image\" \/>\n<meta name=\"twitter:label1\" content=\"Written by\" \/>\n\t<meta name=\"twitter:data1\" content=\"Regina Schrage\" \/>\n\t<meta name=\"twitter:label2\" content=\"Est. reading time\" \/>\n\t<meta name=\"twitter:data2\" content=\"7 minutes\" \/>\n<script type=\"application\/ld+json\" class=\"yoast-schema-graph\">{\"@context\":\"https:\\\/\\\/schema.org\",\"@graph\":[{\"@type\":\"Article\",\"@id\":\"https:\\\/\\\/www.procredit-holding.com\\\/de\\\/2016\\\/12\\\/22\\\/first-day-trading-frankfurt-stock-exchange\\\/#article\",\"isPartOf\":{\"@id\":\"https:\\\/\\\/www.procredit-holding.com\\\/de\\\/2016\\\/12\\\/22\\\/first-day-trading-frankfurt-stock-exchange\\\/\"},\"author\":{\"name\":\"Regina Schrage\",\"@id\":\"https:\\\/\\\/www.procredit-holding.com\\\/de\\\/#\\\/schema\\\/person\\\/033336a148239125a0b67e3e0560bba8\"},\"headline\":\"Erster Handelstag an der Frankfurter Wertpapierb\u00f6rse\",\"datePublished\":\"2016-12-22T06:00:22+00:00\",\"dateModified\":\"2019-01-25T14:41:47+00:00\",\"mainEntityOfPage\":{\"@id\":\"https:\\\/\\\/www.procredit-holding.com\\\/de\\\/2016\\\/12\\\/22\\\/first-day-trading-frankfurt-stock-exchange\\\/\"},\"wordCount\":1433,\"commentCount\":0,\"publisher\":{\"@id\":\"https:\\\/\\\/www.procredit-holding.com\\\/de\\\/#organization\"},\"articleSection\":[\"Corporate News\",\"Pressemitteilungen\"],\"inLanguage\":\"en-US\",\"potentialAction\":[{\"@type\":\"CommentAction\",\"name\":\"Comment\",\"target\":[\"https:\\\/\\\/www.procredit-holding.com\\\/de\\\/2016\\\/12\\\/22\\\/first-day-trading-frankfurt-stock-exchange\\\/#respond\"]}]},{\"@type\":\"WebPage\",\"@id\":\"https:\\\/\\\/www.procredit-holding.com\\\/de\\\/2016\\\/12\\\/22\\\/first-day-trading-frankfurt-stock-exchange\\\/\",\"url\":\"https:\\\/\\\/www.procredit-holding.com\\\/de\\\/2016\\\/12\\\/22\\\/first-day-trading-frankfurt-stock-exchange\\\/\",\"name\":\"Erster Handelstag an der Frankfurter Wertpapierb\u00f6rse - PCH (DE)\",\"isPartOf\":{\"@id\":\"https:\\\/\\\/www.procredit-holding.com\\\/de\\\/#website\"},\"datePublished\":\"2016-12-22T06:00:22+00:00\",\"dateModified\":\"2019-01-25T14:41:47+00:00\",\"breadcrumb\":{\"@id\":\"https:\\\/\\\/www.procredit-holding.com\\\/de\\\/2016\\\/12\\\/22\\\/first-day-trading-frankfurt-stock-exchange\\\/#breadcrumb\"},\"inLanguage\":\"en-US\",\"potentialAction\":[{\"@type\":\"ReadAction\",\"target\":[\"https:\\\/\\\/www.procredit-holding.com\\\/de\\\/2016\\\/12\\\/22\\\/first-day-trading-frankfurt-stock-exchange\\\/\"]}]},{\"@type\":\"BreadcrumbList\",\"@id\":\"https:\\\/\\\/www.procredit-holding.com\\\/de\\\/2016\\\/12\\\/22\\\/first-day-trading-frankfurt-stock-exchange\\\/#breadcrumb\",\"itemListElement\":[{\"@type\":\"ListItem\",\"position\":1,\"name\":\"Home\",\"item\":\"https:\\\/\\\/www.procredit-holding.com\\\/de\\\/\"},{\"@type\":\"ListItem\",\"position\":2,\"name\":\"Erster Handelstag an der Frankfurter Wertpapierb\u00f6rse\"}]},{\"@type\":\"WebSite\",\"@id\":\"https:\\\/\\\/www.procredit-holding.com\\\/de\\\/#website\",\"url\":\"https:\\\/\\\/www.procredit-holding.com\\\/de\\\/\",\"name\":\"ProCredit Holding (de)\",\"description\":\"An international development-oriented commercial banking group\",\"publisher\":{\"@id\":\"https:\\\/\\\/www.procredit-holding.com\\\/de\\\/#organization\"},\"potentialAction\":[{\"@type\":\"SearchAction\",\"target\":{\"@type\":\"EntryPoint\",\"urlTemplate\":\"https:\\\/\\\/www.procredit-holding.com\\\/de\\\/?s={search_term_string}\"},\"query-input\":{\"@type\":\"PropertyValueSpecification\",\"valueRequired\":true,\"valueName\":\"search_term_string\"}}],\"inLanguage\":\"en-US\"},{\"@type\":\"Organization\",\"@id\":\"https:\\\/\\\/www.procredit-holding.com\\\/de\\\/#organization\",\"name\":\"ProCredit Holding AG\",\"url\":\"https:\\\/\\\/www.procredit-holding.com\\\/de\\\/\",\"logo\":{\"@type\":\"ImageObject\",\"inLanguage\":\"en-US\",\"@id\":\"https:\\\/\\\/www.procredit-holding.com\\\/de\\\/#\\\/schema\\\/logo\\\/image\\\/\",\"url\":\"https:\\\/\\\/www.procredit-holding.com\\\/de\\\/wp-content\\\/uploads\\\/sites\\\/2\\\/2017\\\/05\\\/logo-pch.png\",\"contentUrl\":\"https:\\\/\\\/www.procredit-holding.com\\\/de\\\/wp-content\\\/uploads\\\/sites\\\/2\\\/2017\\\/05\\\/logo-pch.png\",\"width\":265,\"height\":90,\"caption\":\"ProCredit Holding AG\"},\"image\":{\"@id\":\"https:\\\/\\\/www.procredit-holding.com\\\/de\\\/#\\\/schema\\\/logo\\\/image\\\/\"},\"sameAs\":[\"https:\\\/\\\/www.linkedin.com\\\/company\\\/procredit-holding\"]},{\"@type\":\"Person\",\"@id\":\"https:\\\/\\\/www.procredit-holding.com\\\/de\\\/#\\\/schema\\\/person\\\/033336a148239125a0b67e3e0560bba8\",\"name\":\"Regina Schrage\",\"image\":{\"@type\":\"ImageObject\",\"inLanguage\":\"en-US\",\"@id\":\"https:\\\/\\\/secure.gravatar.com\\\/avatar\\\/98e4455a7ff3b4c35a9b003a4ca039a2b264a0c1ef1345f0e8cec7ff30b83595?s=96&d=mm&r=g\",\"url\":\"https:\\\/\\\/secure.gravatar.com\\\/avatar\\\/98e4455a7ff3b4c35a9b003a4ca039a2b264a0c1ef1345f0e8cec7ff30b83595?s=96&d=mm&r=g\",\"contentUrl\":\"https:\\\/\\\/secure.gravatar.com\\\/avatar\\\/98e4455a7ff3b4c35a9b003a4ca039a2b264a0c1ef1345f0e8cec7ff30b83595?s=96&d=mm&r=g\",\"caption\":\"Regina Schrage\"},\"url\":\"https:\\\/\\\/www.procredit-holding.com\\\/de\\\/author\\\/rschrage\\\/\"}]}<\/script>\n<!-- \/ Yoast SEO plugin. -->","yoast_head_json":{"title":"Erster Handelstag an der Frankfurter Wertpapierb\u00f6rse - PCH (DE)","robots":{"index":"index","follow":"follow","max-snippet":"max-snippet:-1","max-image-preview":"max-image-preview:large","max-video-preview":"max-video-preview:-1"},"canonical":"https:\/\/www.procredit-holding.com\/de\/2016\/12\/22\/first-day-trading-frankfurt-stock-exchange\/","og_locale":"en_US","og_type":"article","og_title":"Erster Handelstag an der Frankfurter Wertpapierb\u00f6rse - PCH (DE)","og_description":"Seit heute ist die Holdinggesellschaft der international t\u00e4tigen ProCredit Bankengruppe im Regulierten Markt (Prime Standard) der Frankfurter Wertpapierb\u00f6rse notiert Der Handel startete mit einem Einf\u00fchrungskurs von EUR 12,29","og_url":"https:\/\/www.procredit-holding.com\/de\/2016\/12\/22\/first-day-trading-frankfurt-stock-exchange\/","og_site_name":"PCH (DE)","article_published_time":"2016-12-22T06:00:22+00:00","article_modified_time":"2019-01-25T14:41:47+00:00","author":"Regina Schrage","twitter_card":"summary_large_image","twitter_misc":{"Written by":"Regina Schrage","Est. reading time":"7 minutes"},"schema":{"@context":"https:\/\/schema.org","@graph":[{"@type":"Article","@id":"https:\/\/www.procredit-holding.com\/de\/2016\/12\/22\/first-day-trading-frankfurt-stock-exchange\/#article","isPartOf":{"@id":"https:\/\/www.procredit-holding.com\/de\/2016\/12\/22\/first-day-trading-frankfurt-stock-exchange\/"},"author":{"name":"Regina Schrage","@id":"https:\/\/www.procredit-holding.com\/de\/#\/schema\/person\/033336a148239125a0b67e3e0560bba8"},"headline":"Erster Handelstag an der Frankfurter Wertpapierb\u00f6rse","datePublished":"2016-12-22T06:00:22+00:00","dateModified":"2019-01-25T14:41:47+00:00","mainEntityOfPage":{"@id":"https:\/\/www.procredit-holding.com\/de\/2016\/12\/22\/first-day-trading-frankfurt-stock-exchange\/"},"wordCount":1433,"commentCount":0,"publisher":{"@id":"https:\/\/www.procredit-holding.com\/de\/#organization"},"articleSection":["Corporate News","Pressemitteilungen"],"inLanguage":"en-US","potentialAction":[{"@type":"CommentAction","name":"Comment","target":["https:\/\/www.procredit-holding.com\/de\/2016\/12\/22\/first-day-trading-frankfurt-stock-exchange\/#respond"]}]},{"@type":"WebPage","@id":"https:\/\/www.procredit-holding.com\/de\/2016\/12\/22\/first-day-trading-frankfurt-stock-exchange\/","url":"https:\/\/www.procredit-holding.com\/de\/2016\/12\/22\/first-day-trading-frankfurt-stock-exchange\/","name":"Erster Handelstag an der Frankfurter Wertpapierb\u00f6rse - PCH (DE)","isPartOf":{"@id":"https:\/\/www.procredit-holding.com\/de\/#website"},"datePublished":"2016-12-22T06:00:22+00:00","dateModified":"2019-01-25T14:41:47+00:00","breadcrumb":{"@id":"https:\/\/www.procredit-holding.com\/de\/2016\/12\/22\/first-day-trading-frankfurt-stock-exchange\/#breadcrumb"},"inLanguage":"en-US","potentialAction":[{"@type":"ReadAction","target":["https:\/\/www.procredit-holding.com\/de\/2016\/12\/22\/first-day-trading-frankfurt-stock-exchange\/"]}]},{"@type":"BreadcrumbList","@id":"https:\/\/www.procredit-holding.com\/de\/2016\/12\/22\/first-day-trading-frankfurt-stock-exchange\/#breadcrumb","itemListElement":[{"@type":"ListItem","position":1,"name":"Home","item":"https:\/\/www.procredit-holding.com\/de\/"},{"@type":"ListItem","position":2,"name":"Erster Handelstag an der Frankfurter Wertpapierb\u00f6rse"}]},{"@type":"WebSite","@id":"https:\/\/www.procredit-holding.com\/de\/#website","url":"https:\/\/www.procredit-holding.com\/de\/","name":"ProCredit Holding (de)","description":"An international development-oriented commercial banking group","publisher":{"@id":"https:\/\/www.procredit-holding.com\/de\/#organization"},"potentialAction":[{"@type":"SearchAction","target":{"@type":"EntryPoint","urlTemplate":"https:\/\/www.procredit-holding.com\/de\/?s={search_term_string}"},"query-input":{"@type":"PropertyValueSpecification","valueRequired":true,"valueName":"search_term_string"}}],"inLanguage":"en-US"},{"@type":"Organization","@id":"https:\/\/www.procredit-holding.com\/de\/#organization","name":"ProCredit Holding AG","url":"https:\/\/www.procredit-holding.com\/de\/","logo":{"@type":"ImageObject","inLanguage":"en-US","@id":"https:\/\/www.procredit-holding.com\/de\/#\/schema\/logo\/image\/","url":"https:\/\/www.procredit-holding.com\/de\/wp-content\/uploads\/sites\/2\/2017\/05\/logo-pch.png","contentUrl":"https:\/\/www.procredit-holding.com\/de\/wp-content\/uploads\/sites\/2\/2017\/05\/logo-pch.png","width":265,"height":90,"caption":"ProCredit Holding AG"},"image":{"@id":"https:\/\/www.procredit-holding.com\/de\/#\/schema\/logo\/image\/"},"sameAs":["https:\/\/www.linkedin.com\/company\/procredit-holding"]},{"@type":"Person","@id":"https:\/\/www.procredit-holding.com\/de\/#\/schema\/person\/033336a148239125a0b67e3e0560bba8","name":"Regina Schrage","image":{"@type":"ImageObject","inLanguage":"en-US","@id":"https:\/\/secure.gravatar.com\/avatar\/98e4455a7ff3b4c35a9b003a4ca039a2b264a0c1ef1345f0e8cec7ff30b83595?s=96&d=mm&r=g","url":"https:\/\/secure.gravatar.com\/avatar\/98e4455a7ff3b4c35a9b003a4ca039a2b264a0c1ef1345f0e8cec7ff30b83595?s=96&d=mm&r=g","contentUrl":"https:\/\/secure.gravatar.com\/avatar\/98e4455a7ff3b4c35a9b003a4ca039a2b264a0c1ef1345f0e8cec7ff30b83595?s=96&d=mm&r=g","caption":"Regina Schrage"},"url":"https:\/\/www.procredit-holding.com\/de\/author\/rschrage\/"}]}},"_links":{"self":[{"href":"https:\/\/www.procredit-holding.com\/de\/wp-json\/wp\/v2\/posts\/3349","targetHints":{"allow":["GET"]}}],"collection":[{"href":"https:\/\/www.procredit-holding.com\/de\/wp-json\/wp\/v2\/posts"}],"about":[{"href":"https:\/\/www.procredit-holding.com\/de\/wp-json\/wp\/v2\/types\/post"}],"author":[{"embeddable":true,"href":"https:\/\/www.procredit-holding.com\/de\/wp-json\/wp\/v2\/users\/5"}],"replies":[{"embeddable":true,"href":"https:\/\/www.procredit-holding.com\/de\/wp-json\/wp\/v2\/comments?post=3349"}],"version-history":[{"count":5,"href":"https:\/\/www.procredit-holding.com\/de\/wp-json\/wp\/v2\/posts\/3349\/revisions"}],"predecessor-version":[{"id":4296,"href":"https:\/\/www.procredit-holding.com\/de\/wp-json\/wp\/v2\/posts\/3349\/revisions\/4296"}],"wp:attachment":[{"href":"https:\/\/www.procredit-holding.com\/de\/wp-json\/wp\/v2\/media?parent=3349"}],"wp:term":[{"taxonomy":"category","embeddable":true,"href":"https:\/\/www.procredit-holding.com\/de\/wp-json\/wp\/v2\/categories?post=3349"},{"taxonomy":"post_tag","embeddable":true,"href":"https:\/\/www.procredit-holding.com\/de\/wp-json\/wp\/v2\/tags?post=3349"}],"curies":[{"name":"wp","href":"https:\/\/api.w.org\/{rel}","templated":true}]}}