{"id":3989,"date":"2018-05-15T07:35:38","date_gmt":"2018-05-15T05:35:38","guid":{"rendered":"https:\/\/pchtest.procredit-holding.com\/?p=3989"},"modified":"2019-01-24T17:31:13","modified_gmt":"2019-01-24T15:31:13","slug":"the-procredit-group-shows-continued-strong-growth-in-the-first-quarter-of-2018","status":"publish","type":"post","link":"https:\/\/www.procredit-holding.com\/de\/2018\/05\/15\/the-procredit-group-shows-continued-strong-growth-in-the-first-quarter-of-2018\/","title":{"rendered":"ProCredit Gruppe zeigt auch im ersten Quartal 2018 weiterhin starkes Wachstum"},"content":{"rendered":"<p>\u2022\u00a0Wachstum des Bruttokreditportfolios um 2,8% (Q1 2017: 2,5%) auf 4,0 Mrd. EUR<br \/>\n\u2022\u00a0Konzernergebnis im ersten Quartal 2018 mit 14,6 Mio. EUR deutlich \u00fcber dem Vorjahresquartal (Q1 2017: 11,9 Mio. EUR)<br \/>\n\u2022\u00a0St\u00e4rkung der Eigenkapitalausstattung durch erfolgreiche Erh\u00f6hung des Grundkapitals<br \/>\n\u2022\u00a0Best\u00e4tigung der Gesamtjahresprognose<!--more--><\/p>\n<p><strong>Die ProCredit Holding AG &amp; Co. KGaA (ProCredit Holding) verzeichnete f\u00fcr die schwerpunktm\u00e4\u00dfig in S\u00fcdost- und Osteuropa t\u00e4tige ProCredit Gruppe einen guten Start in das Gesch\u00e4ftsjahr 2018. Das Bruttokreditportfolio der als Hausbank kleiner und mittlerer Unternehmen (KMU) positionierten ProCredit Gruppe wuchs seit Jahresbeginn um 2,8% bzw. 111 Mio. EUR auf 4,0 Mrd. EUR (31. Dezember 2017: 3,9 Mrd. EUR). Damit \u00fcbertraf das Wachstum des Bruttokreditportfolios die Entwicklung des Vorjahresquartals (Q1 2017: +2,5% bzw. +92 Mio. EUR). Der starke Wachstumskurs war in allen s\u00fcdost- und osteurop\u00e4ischen ProCredit Banken zu verzeichnen.<\/strong><\/p>\n<p>Das Konzernergebnis der ProCredit Gruppe lag f\u00fcr das erste Quartal 2018 bei 14,6 Mio. EUR und damit deutlich \u00fcber dem Ergebnis des Vergleichszeitraums im Vorjahr (Q1 2017: 11,9 Mio. EUR). Die im vergangenen Gesch\u00e4ftsjahr erfolgreich umgesetzten Ma\u00dfnahmen zur Effizienzsteigerung im Filialnetz und zum Ausbau digitaler Banking-Angebote schlagen sich nun merklich in sinkenden operativen Aufwendungen nieder. Personal- und Verwaltungsaufwand reduzierten sich im Vergleich zum Vorjahreszeitraum um 11,8% oder 5,6 Mio. EUR. Das Konzernergebnis wurde zudem von geringen Aufwendungen f\u00fcr die Risikovorsorge in H\u00f6he von 0,1 Mio. EUR positiv beeinflusst (Q1 2017: 3,0 Mio. EUR). Die niedrigen Aufwendungen f\u00fcr die Risikovorsorge sind eine Konsequenz aus erh\u00f6hten R\u00fcckf\u00fchrungen von notleidenden Krediten sowie Eing\u00e4ngen aus bereits abgeschriebenen Krediten. Die Verbesserung der Portfolioqualit\u00e4t wird durch die Entwicklung des Anteils notleidender Kredite am gesamten Kreditportfolio verdeutlicht. Dieser sank im Verlauf des ersten Quartals von 4,8% zum 31. Dezember 2017 auf 4,4%. Der Deckungsgrad dieser Kredite stieg trotz der geringen Zuf\u00fchrungen um 1,7 Prozentpunkte auf 83,0% an.<\/p>\n<p>Der Anteil des Green Loan Portfolios, mit dem die ProCredit Banken speziell \u00f6kologisch verantwortungsvolle Projekte f\u00f6rdern, stieg weiter an und machte zum 31. M\u00e4rz 2018 13,3% des Gesamtkreditportfolios aus (31. Dezember 2017: 12,6%).<\/p>\n<p>Das Kosten-Ertrags-Verh\u00e4ltnis sank f\u00fcr die ersten drei Monate des Jahres 2018 auf einen Wert von 70,2% nach einer Quote von 73,8% f\u00fcr das gesamte Gesch\u00e4ftsjahr 2017 und ist als Ergebnis der erfolgreich umgesetzten Kosteneffizienzma\u00dfnahmen zu werten.<\/p>\n<p>Die Eigenkapitalrendite (Return on Equity; RoE) lag zum Stichtag 31. M\u00e4rz 2018 bei 8,2%. Gegen\u00fcber dem Vergleichszeitraum des Vorjahres hat sie sich um 1,2 Prozentpunkte verbessert (Q1 2017: 7,0%), trotz der Erh\u00f6hung der Eigenkapitalbasis.<\/p>\n<p>Der Anstieg der harten Kernkapitalquote (CET1 fully loaded) von 13,7% zum Jahresende 2017 auf 14,4% zum Stichtag 31. M\u00e4rz 2018 verdeutlicht, dass sich die Eigenkapitalausstattung der ProCredit Gruppe in den ersten drei Monaten des Jahres 2018 weiter verbessert hat. Wesentlichen Einfluss hatte dabei unter anderem die im Februar 2018 erfolgreich durchgef\u00fchrte Erh\u00f6hung des Grundkapitals der ProCredit Holding um 10%. Mit dem Bruttoemissionserl\u00f6s von rund 61 Mio. EUR wird ProCredit den Wachstumskurs fortsetzen und das Kundengesch\u00e4ft der ProCredit Banken mit kleinen und mittleren Unternehmen (KMU) vor allem in S\u00fcdost- und Osteuropa ausweiten.<\/p>\n<p>Borislav Kostadinov, Mitglied des Vorstands der ProCredit General Partner AG (pers\u00f6nlich haftende Gesellschafterin der ProCredit Holding AG &amp; Co. KGaA), kommentierte: <em>\u201eDank unseres klaren strategischen Fokus\u2018 haben sich die ProCredit Banken einen hervorragenden Ruf bei KMU mit guten Entwicklungsperspektiven erarbeitet. Dies schl\u00e4gt sich erneut deutlich im Wachstum unseres Kreditportfolios nieder. Mit den f\u00fcr das erste Quartal 2018 erreichten Wachstums- und Ergebniszahlen sind wir daher zufrieden.\u201c<\/em><\/p>\n<p>Auf Gesamtjahressicht best\u00e4tigt ProCredit die Prognose eines Wachstums des Bruttokreditportfolios um 12% bis 15%. Das Kosten-Ertrags-Verh\u00e4ltnis soll im Gesch\u00e4ftsjahr 2018 weiter verbessert werden und auf einen Wert von weniger als 70% sinken. In Abh\u00e4ngigkeit von der Entwicklung der Nettozinsmarge und dem Kreditportfoliowachstum wird f\u00fcr das laufende Gesch\u00e4ftsjahr 2018 unver\u00e4ndert eine Eigenkapitalrendite (Return on Equity; RoE) von 7,5% bis 8,5% erwartet. F\u00fcr die harte Kernkapitalquote (CET1 fully loaded) wird weiterhin ein Wert von \u00fcber 13% prognostiziert.<\/p>\n<p>Die Quartalsmitteilung der ProCredit Gruppe steht ab heute in deutscher und englischer Sprache auf der Webseite der ProCredit Holding im Bereich Investor Relations unter <a href=\"https:\/\/www.procredit-holding.com\/investor-relations\/reports-and-publications\/financial-reports\/\" target=\"_blank\" rel=\"noopener\">https:\/\/www.procredit-holding.com\/investor-relations\/reports-and-publications\/financial-reports\/<\/a> zur Verf\u00fcgung.<\/p>\n<p><strong>Kontakt:<\/strong><br \/>\nAndrea Kaufmann, Group Communications, ProCredit Holding, Tel.: +49 69 95 14 37 138, E-Mail: Andrea.Kaufmann@procredit-group.com<\/p>\n<p><strong>\u00dcber die ProCredit Holding AG &amp; Co. KGaA<\/strong><br \/>\nDie ProCredit Holding AG &amp; Co. KGaA mit Sitz in Frankfurt am Main, Deutschland, ist die Muttergesellschaft der entwicklungsorientierten ProCredit Gruppe, die aus Gesch\u00e4ftsbanken f\u00fcr kleine und mittlere Unternehmen (KMU) mit operativem Fokus auf S\u00fcdost- und Osteuropa besteht. Zus\u00e4tzlich zu diesem regionalen Schwerpunkt ist die ProCredit Gruppe auch in S\u00fcdamerika und in Deutschland t\u00e4tig. Die Aktien des Unternehmens werden im Prime Standard der Frankfurter Wertpapierb\u00f6rse gehandelt. Zu den Ankeraktion\u00e4ren der ProCredit Holding AG &amp; Co. KGaA geh\u00f6ren die strategischen Investoren Zeitinger Invest und ProCredit Staff Invest (die Investment-Vehikel f\u00fcr ProCredit Mitarbeiter umfasst), die niederl\u00e4ndische DOEN Participaties BV, die KfW und die IFC (Weltbankgruppe). Die ProCredit Holding AG &amp; Co. KGaA unterliegt als \u00fcbergeordnetes Unternehmen im Sinne des Kreditwesengesetzes der Bundesrepublik Deutschland auf Konzernebene der Aufsicht durch die Bundesanstalt f\u00fcr Finanzdienstleistungsaufsicht (BaFin) und die Deutsche Bundesbank. Weiterf\u00fchrende Informationen erhalten Sie im Internet auf der Webseite www.procredit-holding.com<\/p>\n<p><strong>Zukunftsgerichtete Aussagen<\/strong><br \/>\nDiese Mitteilung enth\u00e4lt zukunftsgerichtete Aussagen. Zukunftsgerichtete Aussagen sind Aussagen, die nicht Tatsachen der Vergangenheit beschreiben. Sie umfassen Aussagen \u00fcber die Annahmen und Erwartungen der ProCredit Holding sowie die zugrundeliegenden Annahmen. Diese Aussagen beruhen auf Planungen, Sch\u00e4tzungen und Prognosen, die der Gesch\u00e4ftsleitung der ProCredit Holding derzeit zur Verf\u00fcgung stehen. Zukunftsgerichtete Aussagen beziehen sich deshalb nur auf den Tag, an dem sie gemacht werden. Die ProCredit Holding \u00fcbernimmt keine Verpflichtung, solche Aussagen angesichts neuer Informationen oder k\u00fcnftiger Ereignisse zu aktualisieren. Zukunftsgerichtete Aussagen beinhalten naturgem\u00e4\u00df Risiken und Unsicherheitsfaktoren. Eine Vielzahl wichtiger Faktoren kann dazu beitragen, dass die tats\u00e4chlichen Ergebnisse erheblich von zukunftsgerichteten Aussagen abweichen. Solche Faktoren sind etwa gr\u00f6\u00dfere St\u00f6rungen in der Eurozone, eine signifikante Ver\u00e4nderung der Au\u00dfenwirtschafts- und Geldpolitik, eine Verschlechterung der Zinsmarge oder erhebliche W\u00e4hrungsschwankungen. Sollten diese auftreten, k\u00f6nnte sich dies in einem geringeren Wachstum des Kreditportfolios, einer Zunahme der \u00fcberf\u00e4lligen Kredite und damit einer Abnahme der Ertragskraft widerspiegeln.<\/p>\n","protected":false},"excerpt":{"rendered":"<p>\u2022\u00a0Wachstum des Bruttokreditportfolios um 2,8% (Q1 2017: 2,5%) auf 4,0 Mrd. EUR \u2022\u00a0Konzernergebnis im ersten Quartal 2018 mit 14,6 Mio. EUR deutlich \u00fcber dem Vorjahresquartal (Q1 2017: 11,9 Mio. EUR) \u2022\u00a0St\u00e4rkung der Eigenkapitalausstattung durch erfolgreiche Erh\u00f6hung des Grundkapitals \u2022\u00a0Best\u00e4tigung der Gesamtjahresprognose<\/p>\n","protected":false},"author":4,"featured_media":0,"comment_status":"closed","ping_status":"open","sticky":false,"template":"","format":"standard","meta":{"_acf_changed":false,"footnotes":""},"categories":[1,4],"tags":[],"class_list":["post-3989","post","type-post","status-publish","format-standard","hentry","category-corporate-news","category-press-releases"],"acf":[],"yoast_head":"<!-- This site is optimized with the Yoast SEO plugin v27.5 - https:\/\/yoast.com\/product\/yoast-seo-wordpress\/ -->\n<title>ProCredit Gruppe zeigt auch im ersten Quartal 2018 weiterhin starkes Wachstum - PCH (DE)<\/title>\n<meta name=\"robots\" content=\"index, follow, max-snippet:-1, max-image-preview:large, max-video-preview:-1\" \/>\n<link rel=\"canonical\" href=\"https:\/\/www.procredit-holding.com\/de\/2018\/05\/15\/the-procredit-group-shows-continued-strong-growth-in-the-first-quarter-of-2018\/\" \/>\n<meta property=\"og:locale\" content=\"en_US\" \/>\n<meta property=\"og:type\" content=\"article\" \/>\n<meta property=\"og:title\" content=\"ProCredit Gruppe zeigt auch im ersten Quartal 2018 weiterhin starkes Wachstum - PCH (DE)\" \/>\n<meta property=\"og:description\" content=\"\u2022\u00a0Wachstum des Bruttokreditportfolios um 2,8% (Q1 2017: 2,5%) auf 4,0 Mrd. EUR \u2022\u00a0Konzernergebnis im ersten Quartal 2018 mit 14,6 Mio. EUR deutlich \u00fcber dem Vorjahresquartal (Q1 2017: 11,9 Mio. EUR) \u2022\u00a0St\u00e4rkung der Eigenkapitalausstattung durch erfolgreiche Erh\u00f6hung des Grundkapitals \u2022\u00a0Best\u00e4tigung der Gesamtjahresprognose\" \/>\n<meta property=\"og:url\" content=\"https:\/\/www.procredit-holding.com\/de\/2018\/05\/15\/the-procredit-group-shows-continued-strong-growth-in-the-first-quarter-of-2018\/\" \/>\n<meta property=\"og:site_name\" content=\"PCH (DE)\" \/>\n<meta property=\"article:published_time\" content=\"2018-05-15T05:35:38+00:00\" \/>\n<meta property=\"article:modified_time\" content=\"2019-01-24T15:31:13+00:00\" \/>\n<meta name=\"author\" content=\"Sanda Gvozdenovic\" \/>\n<meta name=\"twitter:card\" content=\"summary_large_image\" \/>\n<meta name=\"twitter:label1\" content=\"Written by\" \/>\n\t<meta name=\"twitter:data1\" content=\"Sanda Gvozdenovic\" \/>\n\t<meta name=\"twitter:label2\" content=\"Est. reading time\" \/>\n\t<meta name=\"twitter:data2\" content=\"5 minutes\" \/>\n<script type=\"application\/ld+json\" class=\"yoast-schema-graph\">{\"@context\":\"https:\\\/\\\/schema.org\",\"@graph\":[{\"@type\":\"Article\",\"@id\":\"https:\\\/\\\/www.procredit-holding.com\\\/de\\\/2018\\\/05\\\/15\\\/the-procredit-group-shows-continued-strong-growth-in-the-first-quarter-of-2018\\\/#article\",\"isPartOf\":{\"@id\":\"https:\\\/\\\/www.procredit-holding.com\\\/de\\\/2018\\\/05\\\/15\\\/the-procredit-group-shows-continued-strong-growth-in-the-first-quarter-of-2018\\\/\"},\"author\":{\"name\":\"Sanda Gvozdenovic\",\"@id\":\"https:\\\/\\\/www.procredit-holding.com\\\/de\\\/#\\\/schema\\\/person\\\/9effcdf0f448e0c4f2c7a7814b6173ab\"},\"headline\":\"ProCredit Gruppe zeigt auch im ersten Quartal 2018 weiterhin starkes Wachstum\",\"datePublished\":\"2018-05-15T05:35:38+00:00\",\"dateModified\":\"2019-01-24T15:31:13+00:00\",\"mainEntityOfPage\":{\"@id\":\"https:\\\/\\\/www.procredit-holding.com\\\/de\\\/2018\\\/05\\\/15\\\/the-procredit-group-shows-continued-strong-growth-in-the-first-quarter-of-2018\\\/\"},\"wordCount\":994,\"publisher\":{\"@id\":\"https:\\\/\\\/www.procredit-holding.com\\\/de\\\/#organization\"},\"articleSection\":[\"Corporate News\",\"Pressemitteilungen\"],\"inLanguage\":\"en-US\"},{\"@type\":\"WebPage\",\"@id\":\"https:\\\/\\\/www.procredit-holding.com\\\/de\\\/2018\\\/05\\\/15\\\/the-procredit-group-shows-continued-strong-growth-in-the-first-quarter-of-2018\\\/\",\"url\":\"https:\\\/\\\/www.procredit-holding.com\\\/de\\\/2018\\\/05\\\/15\\\/the-procredit-group-shows-continued-strong-growth-in-the-first-quarter-of-2018\\\/\",\"name\":\"ProCredit Gruppe zeigt auch im ersten Quartal 2018 weiterhin starkes Wachstum - PCH (DE)\",\"isPartOf\":{\"@id\":\"https:\\\/\\\/www.procredit-holding.com\\\/de\\\/#website\"},\"datePublished\":\"2018-05-15T05:35:38+00:00\",\"dateModified\":\"2019-01-24T15:31:13+00:00\",\"breadcrumb\":{\"@id\":\"https:\\\/\\\/www.procredit-holding.com\\\/de\\\/2018\\\/05\\\/15\\\/the-procredit-group-shows-continued-strong-growth-in-the-first-quarter-of-2018\\\/#breadcrumb\"},\"inLanguage\":\"en-US\",\"potentialAction\":[{\"@type\":\"ReadAction\",\"target\":[\"https:\\\/\\\/www.procredit-holding.com\\\/de\\\/2018\\\/05\\\/15\\\/the-procredit-group-shows-continued-strong-growth-in-the-first-quarter-of-2018\\\/\"]}]},{\"@type\":\"BreadcrumbList\",\"@id\":\"https:\\\/\\\/www.procredit-holding.com\\\/de\\\/2018\\\/05\\\/15\\\/the-procredit-group-shows-continued-strong-growth-in-the-first-quarter-of-2018\\\/#breadcrumb\",\"itemListElement\":[{\"@type\":\"ListItem\",\"position\":1,\"name\":\"Home\",\"item\":\"https:\\\/\\\/www.procredit-holding.com\\\/de\\\/\"},{\"@type\":\"ListItem\",\"position\":2,\"name\":\"ProCredit Gruppe zeigt auch im ersten Quartal 2018 weiterhin starkes Wachstum\"}]},{\"@type\":\"WebSite\",\"@id\":\"https:\\\/\\\/www.procredit-holding.com\\\/de\\\/#website\",\"url\":\"https:\\\/\\\/www.procredit-holding.com\\\/de\\\/\",\"name\":\"ProCredit Holding (de)\",\"description\":\"An international development-oriented commercial banking group\",\"publisher\":{\"@id\":\"https:\\\/\\\/www.procredit-holding.com\\\/de\\\/#organization\"},\"potentialAction\":[{\"@type\":\"SearchAction\",\"target\":{\"@type\":\"EntryPoint\",\"urlTemplate\":\"https:\\\/\\\/www.procredit-holding.com\\\/de\\\/?s={search_term_string}\"},\"query-input\":{\"@type\":\"PropertyValueSpecification\",\"valueRequired\":true,\"valueName\":\"search_term_string\"}}],\"inLanguage\":\"en-US\"},{\"@type\":\"Organization\",\"@id\":\"https:\\\/\\\/www.procredit-holding.com\\\/de\\\/#organization\",\"name\":\"ProCredit Holding AG\",\"url\":\"https:\\\/\\\/www.procredit-holding.com\\\/de\\\/\",\"logo\":{\"@type\":\"ImageObject\",\"inLanguage\":\"en-US\",\"@id\":\"https:\\\/\\\/www.procredit-holding.com\\\/de\\\/#\\\/schema\\\/logo\\\/image\\\/\",\"url\":\"https:\\\/\\\/www.procredit-holding.com\\\/de\\\/wp-content\\\/uploads\\\/sites\\\/2\\\/2017\\\/05\\\/logo-pch.png\",\"contentUrl\":\"https:\\\/\\\/www.procredit-holding.com\\\/de\\\/wp-content\\\/uploads\\\/sites\\\/2\\\/2017\\\/05\\\/logo-pch.png\",\"width\":265,\"height\":90,\"caption\":\"ProCredit Holding AG\"},\"image\":{\"@id\":\"https:\\\/\\\/www.procredit-holding.com\\\/de\\\/#\\\/schema\\\/logo\\\/image\\\/\"},\"sameAs\":[\"https:\\\/\\\/www.linkedin.com\\\/company\\\/procredit-holding\"]},{\"@type\":\"Person\",\"@id\":\"https:\\\/\\\/www.procredit-holding.com\\\/de\\\/#\\\/schema\\\/person\\\/9effcdf0f448e0c4f2c7a7814b6173ab\",\"name\":\"Sanda Gvozdenovic\",\"image\":{\"@type\":\"ImageObject\",\"inLanguage\":\"en-US\",\"@id\":\"https:\\\/\\\/secure.gravatar.com\\\/avatar\\\/53db8b5e1f19e3c9d02cd415ca3e498e0a77551b33c500c026f04ea17a0d1a63?s=96&d=mm&r=g\",\"url\":\"https:\\\/\\\/secure.gravatar.com\\\/avatar\\\/53db8b5e1f19e3c9d02cd415ca3e498e0a77551b33c500c026f04ea17a0d1a63?s=96&d=mm&r=g\",\"contentUrl\":\"https:\\\/\\\/secure.gravatar.com\\\/avatar\\\/53db8b5e1f19e3c9d02cd415ca3e498e0a77551b33c500c026f04ea17a0d1a63?s=96&d=mm&r=g\",\"caption\":\"Sanda Gvozdenovic\"},\"sameAs\":[\"https:\\\/\\\/www.procredit-holding.com\\\/\"],\"url\":\"https:\\\/\\\/www.procredit-holding.com\\\/de\\\/author\\\/sgvozdenovic\\\/\"}]}<\/script>\n<!-- \/ Yoast SEO plugin. -->","yoast_head_json":{"title":"ProCredit Gruppe zeigt auch im ersten Quartal 2018 weiterhin starkes Wachstum - PCH (DE)","robots":{"index":"index","follow":"follow","max-snippet":"max-snippet:-1","max-image-preview":"max-image-preview:large","max-video-preview":"max-video-preview:-1"},"canonical":"https:\/\/www.procredit-holding.com\/de\/2018\/05\/15\/the-procredit-group-shows-continued-strong-growth-in-the-first-quarter-of-2018\/","og_locale":"en_US","og_type":"article","og_title":"ProCredit Gruppe zeigt auch im ersten Quartal 2018 weiterhin starkes Wachstum - PCH (DE)","og_description":"\u2022\u00a0Wachstum des Bruttokreditportfolios um 2,8% (Q1 2017: 2,5%) auf 4,0 Mrd. EUR \u2022\u00a0Konzernergebnis im ersten Quartal 2018 mit 14,6 Mio. EUR deutlich \u00fcber dem Vorjahresquartal (Q1 2017: 11,9 Mio. EUR) \u2022\u00a0St\u00e4rkung der Eigenkapitalausstattung durch erfolgreiche Erh\u00f6hung des Grundkapitals \u2022\u00a0Best\u00e4tigung der Gesamtjahresprognose","og_url":"https:\/\/www.procredit-holding.com\/de\/2018\/05\/15\/the-procredit-group-shows-continued-strong-growth-in-the-first-quarter-of-2018\/","og_site_name":"PCH (DE)","article_published_time":"2018-05-15T05:35:38+00:00","article_modified_time":"2019-01-24T15:31:13+00:00","author":"Sanda Gvozdenovic","twitter_card":"summary_large_image","twitter_misc":{"Written by":"Sanda Gvozdenovic","Est. reading time":"5 minutes"},"schema":{"@context":"https:\/\/schema.org","@graph":[{"@type":"Article","@id":"https:\/\/www.procredit-holding.com\/de\/2018\/05\/15\/the-procredit-group-shows-continued-strong-growth-in-the-first-quarter-of-2018\/#article","isPartOf":{"@id":"https:\/\/www.procredit-holding.com\/de\/2018\/05\/15\/the-procredit-group-shows-continued-strong-growth-in-the-first-quarter-of-2018\/"},"author":{"name":"Sanda Gvozdenovic","@id":"https:\/\/www.procredit-holding.com\/de\/#\/schema\/person\/9effcdf0f448e0c4f2c7a7814b6173ab"},"headline":"ProCredit Gruppe zeigt auch im ersten Quartal 2018 weiterhin starkes Wachstum","datePublished":"2018-05-15T05:35:38+00:00","dateModified":"2019-01-24T15:31:13+00:00","mainEntityOfPage":{"@id":"https:\/\/www.procredit-holding.com\/de\/2018\/05\/15\/the-procredit-group-shows-continued-strong-growth-in-the-first-quarter-of-2018\/"},"wordCount":994,"publisher":{"@id":"https:\/\/www.procredit-holding.com\/de\/#organization"},"articleSection":["Corporate News","Pressemitteilungen"],"inLanguage":"en-US"},{"@type":"WebPage","@id":"https:\/\/www.procredit-holding.com\/de\/2018\/05\/15\/the-procredit-group-shows-continued-strong-growth-in-the-first-quarter-of-2018\/","url":"https:\/\/www.procredit-holding.com\/de\/2018\/05\/15\/the-procredit-group-shows-continued-strong-growth-in-the-first-quarter-of-2018\/","name":"ProCredit Gruppe zeigt auch im ersten Quartal 2018 weiterhin starkes Wachstum - PCH (DE)","isPartOf":{"@id":"https:\/\/www.procredit-holding.com\/de\/#website"},"datePublished":"2018-05-15T05:35:38+00:00","dateModified":"2019-01-24T15:31:13+00:00","breadcrumb":{"@id":"https:\/\/www.procredit-holding.com\/de\/2018\/05\/15\/the-procredit-group-shows-continued-strong-growth-in-the-first-quarter-of-2018\/#breadcrumb"},"inLanguage":"en-US","potentialAction":[{"@type":"ReadAction","target":["https:\/\/www.procredit-holding.com\/de\/2018\/05\/15\/the-procredit-group-shows-continued-strong-growth-in-the-first-quarter-of-2018\/"]}]},{"@type":"BreadcrumbList","@id":"https:\/\/www.procredit-holding.com\/de\/2018\/05\/15\/the-procredit-group-shows-continued-strong-growth-in-the-first-quarter-of-2018\/#breadcrumb","itemListElement":[{"@type":"ListItem","position":1,"name":"Home","item":"https:\/\/www.procredit-holding.com\/de\/"},{"@type":"ListItem","position":2,"name":"ProCredit Gruppe zeigt auch im ersten Quartal 2018 weiterhin starkes Wachstum"}]},{"@type":"WebSite","@id":"https:\/\/www.procredit-holding.com\/de\/#website","url":"https:\/\/www.procredit-holding.com\/de\/","name":"ProCredit Holding (de)","description":"An international development-oriented commercial banking group","publisher":{"@id":"https:\/\/www.procredit-holding.com\/de\/#organization"},"potentialAction":[{"@type":"SearchAction","target":{"@type":"EntryPoint","urlTemplate":"https:\/\/www.procredit-holding.com\/de\/?s={search_term_string}"},"query-input":{"@type":"PropertyValueSpecification","valueRequired":true,"valueName":"search_term_string"}}],"inLanguage":"en-US"},{"@type":"Organization","@id":"https:\/\/www.procredit-holding.com\/de\/#organization","name":"ProCredit Holding AG","url":"https:\/\/www.procredit-holding.com\/de\/","logo":{"@type":"ImageObject","inLanguage":"en-US","@id":"https:\/\/www.procredit-holding.com\/de\/#\/schema\/logo\/image\/","url":"https:\/\/www.procredit-holding.com\/de\/wp-content\/uploads\/sites\/2\/2017\/05\/logo-pch.png","contentUrl":"https:\/\/www.procredit-holding.com\/de\/wp-content\/uploads\/sites\/2\/2017\/05\/logo-pch.png","width":265,"height":90,"caption":"ProCredit Holding AG"},"image":{"@id":"https:\/\/www.procredit-holding.com\/de\/#\/schema\/logo\/image\/"},"sameAs":["https:\/\/www.linkedin.com\/company\/procredit-holding"]},{"@type":"Person","@id":"https:\/\/www.procredit-holding.com\/de\/#\/schema\/person\/9effcdf0f448e0c4f2c7a7814b6173ab","name":"Sanda Gvozdenovic","image":{"@type":"ImageObject","inLanguage":"en-US","@id":"https:\/\/secure.gravatar.com\/avatar\/53db8b5e1f19e3c9d02cd415ca3e498e0a77551b33c500c026f04ea17a0d1a63?s=96&d=mm&r=g","url":"https:\/\/secure.gravatar.com\/avatar\/53db8b5e1f19e3c9d02cd415ca3e498e0a77551b33c500c026f04ea17a0d1a63?s=96&d=mm&r=g","contentUrl":"https:\/\/secure.gravatar.com\/avatar\/53db8b5e1f19e3c9d02cd415ca3e498e0a77551b33c500c026f04ea17a0d1a63?s=96&d=mm&r=g","caption":"Sanda Gvozdenovic"},"sameAs":["https:\/\/www.procredit-holding.com\/"],"url":"https:\/\/www.procredit-holding.com\/de\/author\/sgvozdenovic\/"}]}},"_links":{"self":[{"href":"https:\/\/www.procredit-holding.com\/de\/wp-json\/wp\/v2\/posts\/3989","targetHints":{"allow":["GET"]}}],"collection":[{"href":"https:\/\/www.procredit-holding.com\/de\/wp-json\/wp\/v2\/posts"}],"about":[{"href":"https:\/\/www.procredit-holding.com\/de\/wp-json\/wp\/v2\/types\/post"}],"author":[{"embeddable":true,"href":"https:\/\/www.procredit-holding.com\/de\/wp-json\/wp\/v2\/users\/4"}],"replies":[{"embeddable":true,"href":"https:\/\/www.procredit-holding.com\/de\/wp-json\/wp\/v2\/comments?post=3989"}],"version-history":[{"count":6,"href":"https:\/\/www.procredit-holding.com\/de\/wp-json\/wp\/v2\/posts\/3989\/revisions"}],"predecessor-version":[{"id":4138,"href":"https:\/\/www.procredit-holding.com\/de\/wp-json\/wp\/v2\/posts\/3989\/revisions\/4138"}],"wp:attachment":[{"href":"https:\/\/www.procredit-holding.com\/de\/wp-json\/wp\/v2\/media?parent=3989"}],"wp:term":[{"taxonomy":"category","embeddable":true,"href":"https:\/\/www.procredit-holding.com\/de\/wp-json\/wp\/v2\/categories?post=3989"},{"taxonomy":"post_tag","embeddable":true,"href":"https:\/\/www.procredit-holding.com\/de\/wp-json\/wp\/v2\/tags?post=3989"}],"curies":[{"name":"wp","href":"https:\/\/api.w.org\/{rel}","templated":true}]}}