{"id":5234,"date":"2018-11-30T18:58:13","date_gmt":"2018-11-30T16:58:13","guid":{"rendered":"https:\/\/pchtest.procredit-holding.com\/de\/?p=5234"},"modified":"2018-11-30T18:58:13","modified_gmt":"2018-11-30T16:58:13","slug":"procredit-verlaengert-amtszeit-des-vorstandsmitglieds-dr-gabriel-schor","status":"publish","type":"post","link":"https:\/\/www.procredit-holding.com\/de\/2018\/11\/30\/procredit-verlaengert-amtszeit-des-vorstandsmitglieds-dr-gabriel-schor\/","title":{"rendered":"ProCredit verl\u00e4ngert Amtszeit des Vorstandsmitglieds Dr. Gabriel Schor"},"content":{"rendered":"<p>Der Aufsichtsrat der ProCredit General Partner AG hat in seiner Sitzung vom 12.11.2018 einstimmig beschlossen, die Ende des Jahres ablaufende Amtszeit von Dr. Gabriel Schor (66) als Vorstandsmitglied der ProCredit General Partner AG bis zum 31.12.2019 zu verl\u00e4ngern. Die Leitung und Gesch\u00e4ftsf\u00fchrung der ProCredit Holding AG &amp; Co. KGaA obliegt der ProCredit General Partner AG als deren Komplement\u00e4rin.<!--more--><\/p>\n<p>\nDr. Gabriel Schor ist seit 2004 Vorstandsmitglied und verantwortet die Bereiche Finance and Controlling, Group Supervision, Treasury and Funding. Er ist Vorsitzender des Aufsichtsrats der ProCredit Bank Ecuador und der ProCredit Bank Deutschland.<\/p>\n<p><strong>Kontakt:<\/strong><br \/>\nAndrea Kaufmann, Group Communications, ProCredit Holding <br \/>\nTel.: +49 69 951 437 138, e-mail: <a href=\"mailto:Andrea.Kaufmann@procredit-group.com\">Andrea.Kaufmann@procredit-group.com<\/a><\/p>\n<p><strong>\u00dcber die ProCredit Holding AG &amp; Co. KGaA<\/strong><br \/>\nDie ProCredit Holding AG &amp; Co. KGaA mit Sitz in Frankfurt am Main, Deutschland, ist die Muttergesellschaft der entwicklungsorientierten ProCredit Gruppe, die aus Gesch\u00e4ftsbanken f\u00fcr kleine und mittlere Unternehmen (KMU) mit operativem Fokus auf S\u00fcdost- und Osteuropa besteht. Zus\u00e4tzlich zu diesem regionalen Schwerpunkt ist die ProCredit-Gruppe auch in S\u00fcdamerika und in Deutschland t\u00e4tig. Die Aktien des Unternehmens werden im Prime Standard der Frankfurter Wertpapierb\u00f6rse gehandelt. Zu den Ankeraktion\u00e4ren der ProCredit Holding AG &amp; Co. KGaA geh\u00f6ren die strategischen Investoren Zeitinger Invest und ProCredit Staff Invest (die Investment-Vehikel f\u00fcr ProCredit-Mitarbeiter umfasst), die niederl\u00e4ndische DOEN Participaties, die KfW und die IFC (Weltbankgruppe). Die ProCredit Holding AG &amp; Co. KGaA unterliegt als \u00fcbergeordnetes Unternehmen im Sinne des Kreditwesengesetzes der Bundesrepublik Deutschland auf Konzernebene der Aufsicht durch die Bundesanstalt f\u00fcr Finanzdienstleistungsaufsicht (BaFin) und die Deutsche Bundesbank. Weiterf\u00fchrende Informationen erhalten Sie im Internet auf der Webseite. <a href=\"https:\/\/www.procredit-holding.com\">www.procredit-holding.com<\/a><\/p>\n","protected":false},"excerpt":{"rendered":"<p>Der Aufsichtsrat der ProCredit General Partner AG hat in seiner Sitzung vom 12.11.2018 einstimmig beschlossen, die Ende des Jahres ablaufende Amtszeit von Dr. Gabriel Schor (66) als Vorstandsmitglied der ProCredit General Partner AG bis zum 31.12.2019 zu verl\u00e4ngern. Die Leitung und Gesch\u00e4ftsf\u00fchrung der ProCredit Holding AG &amp; Co. KGaA obliegt der ProCredit General Partner AG &hellip; <\/p>\n<p class=\"link-more\"><a href=\"https:\/\/www.procredit-holding.com\/de\/2018\/11\/30\/procredit-verlaengert-amtszeit-des-vorstandsmitglieds-dr-gabriel-schor\/\" class=\"more-link\">Continue reading<span class=\"screen-reader-text\"> &#8220;ProCredit verl\u00e4ngert Amtszeit des Vorstandsmitglieds Dr. Gabriel Schor&#8221;<\/span><\/a><\/p>\n","protected":false},"author":4,"featured_media":0,"comment_status":"closed","ping_status":"open","sticky":false,"template":"","format":"standard","meta":{"_acf_changed":false,"footnotes":""},"categories":[1,4],"tags":[],"class_list":["post-5234","post","type-post","status-publish","format-standard","hentry","category-corporate-news","category-press-releases"],"acf":[],"yoast_head":"<!-- This site is optimized with the Yoast SEO plugin v27.5 - https:\/\/yoast.com\/product\/yoast-seo-wordpress\/ -->\n<title>ProCredit verl\u00e4ngert Amtszeit des Vorstandsmitglieds Dr. Gabriel Schor - PCH (DE)<\/title>\n<meta name=\"robots\" content=\"index, follow, max-snippet:-1, max-image-preview:large, max-video-preview:-1\" \/>\n<link rel=\"canonical\" href=\"https:\/\/www.procredit-holding.com\/de\/2018\/11\/30\/procredit-verlaengert-amtszeit-des-vorstandsmitglieds-dr-gabriel-schor\/\" \/>\n<meta property=\"og:locale\" content=\"en_US\" \/>\n<meta property=\"og:type\" content=\"article\" \/>\n<meta property=\"og:title\" content=\"ProCredit verl\u00e4ngert Amtszeit des Vorstandsmitglieds Dr. Gabriel Schor - PCH (DE)\" \/>\n<meta property=\"og:description\" content=\"Der Aufsichtsrat der ProCredit General Partner AG hat in seiner Sitzung vom 12.11.2018 einstimmig beschlossen, die Ende des Jahres ablaufende Amtszeit von Dr. Gabriel Schor (66) als Vorstandsmitglied der ProCredit General Partner AG bis zum 31.12.2019 zu verl\u00e4ngern. Die Leitung und Gesch\u00e4ftsf\u00fchrung der ProCredit Holding AG &amp; Co. KGaA obliegt der ProCredit General Partner AG &hellip; Continue reading &quot;ProCredit verl\u00e4ngert Amtszeit des Vorstandsmitglieds Dr. Gabriel Schor&quot;\" \/>\n<meta property=\"og:url\" content=\"https:\/\/www.procredit-holding.com\/de\/2018\/11\/30\/procredit-verlaengert-amtszeit-des-vorstandsmitglieds-dr-gabriel-schor\/\" \/>\n<meta property=\"og:site_name\" content=\"PCH (DE)\" \/>\n<meta property=\"article:published_time\" content=\"2018-11-30T16:58:13+00:00\" \/>\n<meta name=\"author\" content=\"Sanda Gvozdenovic\" \/>\n<meta name=\"twitter:card\" content=\"summary_large_image\" \/>\n<meta name=\"twitter:label1\" content=\"Written by\" \/>\n\t<meta name=\"twitter:data1\" content=\"Sanda Gvozdenovic\" \/>\n\t<meta name=\"twitter:label2\" content=\"Est. reading time\" \/>\n\t<meta name=\"twitter:data2\" content=\"1 minute\" \/>\n<script type=\"application\/ld+json\" class=\"yoast-schema-graph\">{\"@context\":\"https:\\\/\\\/schema.org\",\"@graph\":[{\"@type\":\"Article\",\"@id\":\"https:\\\/\\\/www.procredit-holding.com\\\/de\\\/2018\\\/11\\\/30\\\/procredit-verlaengert-amtszeit-des-vorstandsmitglieds-dr-gabriel-schor\\\/#article\",\"isPartOf\":{\"@id\":\"https:\\\/\\\/www.procredit-holding.com\\\/de\\\/2018\\\/11\\\/30\\\/procredit-verlaengert-amtszeit-des-vorstandsmitglieds-dr-gabriel-schor\\\/\"},\"author\":{\"name\":\"Sanda Gvozdenovic\",\"@id\":\"https:\\\/\\\/www.procredit-holding.com\\\/de\\\/#\\\/schema\\\/person\\\/9effcdf0f448e0c4f2c7a7814b6173ab\"},\"headline\":\"ProCredit verl\u00e4ngert Amtszeit des Vorstandsmitglieds Dr. Gabriel Schor\",\"datePublished\":\"2018-11-30T16:58:13+00:00\",\"mainEntityOfPage\":{\"@id\":\"https:\\\/\\\/www.procredit-holding.com\\\/de\\\/2018\\\/11\\\/30\\\/procredit-verlaengert-amtszeit-des-vorstandsmitglieds-dr-gabriel-schor\\\/\"},\"wordCount\":278,\"publisher\":{\"@id\":\"https:\\\/\\\/www.procredit-holding.com\\\/de\\\/#organization\"},\"articleSection\":[\"Corporate News\",\"Pressemitteilungen\"],\"inLanguage\":\"en-US\"},{\"@type\":\"WebPage\",\"@id\":\"https:\\\/\\\/www.procredit-holding.com\\\/de\\\/2018\\\/11\\\/30\\\/procredit-verlaengert-amtszeit-des-vorstandsmitglieds-dr-gabriel-schor\\\/\",\"url\":\"https:\\\/\\\/www.procredit-holding.com\\\/de\\\/2018\\\/11\\\/30\\\/procredit-verlaengert-amtszeit-des-vorstandsmitglieds-dr-gabriel-schor\\\/\",\"name\":\"ProCredit verl\u00e4ngert Amtszeit des Vorstandsmitglieds Dr. Gabriel Schor - PCH (DE)\",\"isPartOf\":{\"@id\":\"https:\\\/\\\/www.procredit-holding.com\\\/de\\\/#website\"},\"datePublished\":\"2018-11-30T16:58:13+00:00\",\"breadcrumb\":{\"@id\":\"https:\\\/\\\/www.procredit-holding.com\\\/de\\\/2018\\\/11\\\/30\\\/procredit-verlaengert-amtszeit-des-vorstandsmitglieds-dr-gabriel-schor\\\/#breadcrumb\"},\"inLanguage\":\"en-US\",\"potentialAction\":[{\"@type\":\"ReadAction\",\"target\":[\"https:\\\/\\\/www.procredit-holding.com\\\/de\\\/2018\\\/11\\\/30\\\/procredit-verlaengert-amtszeit-des-vorstandsmitglieds-dr-gabriel-schor\\\/\"]}]},{\"@type\":\"BreadcrumbList\",\"@id\":\"https:\\\/\\\/www.procredit-holding.com\\\/de\\\/2018\\\/11\\\/30\\\/procredit-verlaengert-amtszeit-des-vorstandsmitglieds-dr-gabriel-schor\\\/#breadcrumb\",\"itemListElement\":[{\"@type\":\"ListItem\",\"position\":1,\"name\":\"Home\",\"item\":\"https:\\\/\\\/www.procredit-holding.com\\\/de\\\/\"},{\"@type\":\"ListItem\",\"position\":2,\"name\":\"ProCredit verl\u00e4ngert Amtszeit des Vorstandsmitglieds Dr. Gabriel Schor\"}]},{\"@type\":\"WebSite\",\"@id\":\"https:\\\/\\\/www.procredit-holding.com\\\/de\\\/#website\",\"url\":\"https:\\\/\\\/www.procredit-holding.com\\\/de\\\/\",\"name\":\"ProCredit Holding (de)\",\"description\":\"An international development-oriented commercial banking group\",\"publisher\":{\"@id\":\"https:\\\/\\\/www.procredit-holding.com\\\/de\\\/#organization\"},\"potentialAction\":[{\"@type\":\"SearchAction\",\"target\":{\"@type\":\"EntryPoint\",\"urlTemplate\":\"https:\\\/\\\/www.procredit-holding.com\\\/de\\\/?s={search_term_string}\"},\"query-input\":{\"@type\":\"PropertyValueSpecification\",\"valueRequired\":true,\"valueName\":\"search_term_string\"}}],\"inLanguage\":\"en-US\"},{\"@type\":\"Organization\",\"@id\":\"https:\\\/\\\/www.procredit-holding.com\\\/de\\\/#organization\",\"name\":\"ProCredit Holding AG\",\"url\":\"https:\\\/\\\/www.procredit-holding.com\\\/de\\\/\",\"logo\":{\"@type\":\"ImageObject\",\"inLanguage\":\"en-US\",\"@id\":\"https:\\\/\\\/www.procredit-holding.com\\\/de\\\/#\\\/schema\\\/logo\\\/image\\\/\",\"url\":\"https:\\\/\\\/www.procredit-holding.com\\\/de\\\/wp-content\\\/uploads\\\/sites\\\/2\\\/2017\\\/05\\\/logo-pch.png\",\"contentUrl\":\"https:\\\/\\\/www.procredit-holding.com\\\/de\\\/wp-content\\\/uploads\\\/sites\\\/2\\\/2017\\\/05\\\/logo-pch.png\",\"width\":265,\"height\":90,\"caption\":\"ProCredit Holding AG\"},\"image\":{\"@id\":\"https:\\\/\\\/www.procredit-holding.com\\\/de\\\/#\\\/schema\\\/logo\\\/image\\\/\"},\"sameAs\":[\"https:\\\/\\\/www.linkedin.com\\\/company\\\/procredit-holding\"]},{\"@type\":\"Person\",\"@id\":\"https:\\\/\\\/www.procredit-holding.com\\\/de\\\/#\\\/schema\\\/person\\\/9effcdf0f448e0c4f2c7a7814b6173ab\",\"name\":\"Sanda Gvozdenovic\",\"image\":{\"@type\":\"ImageObject\",\"inLanguage\":\"en-US\",\"@id\":\"https:\\\/\\\/secure.gravatar.com\\\/avatar\\\/53db8b5e1f19e3c9d02cd415ca3e498e0a77551b33c500c026f04ea17a0d1a63?s=96&d=mm&r=g\",\"url\":\"https:\\\/\\\/secure.gravatar.com\\\/avatar\\\/53db8b5e1f19e3c9d02cd415ca3e498e0a77551b33c500c026f04ea17a0d1a63?s=96&d=mm&r=g\",\"contentUrl\":\"https:\\\/\\\/secure.gravatar.com\\\/avatar\\\/53db8b5e1f19e3c9d02cd415ca3e498e0a77551b33c500c026f04ea17a0d1a63?s=96&d=mm&r=g\",\"caption\":\"Sanda Gvozdenovic\"},\"sameAs\":[\"https:\\\/\\\/www.procredit-holding.com\\\/\"],\"url\":\"https:\\\/\\\/www.procredit-holding.com\\\/de\\\/author\\\/sgvozdenovic\\\/\"}]}<\/script>\n<!-- \/ Yoast SEO plugin. -->","yoast_head_json":{"title":"ProCredit verl\u00e4ngert Amtszeit des Vorstandsmitglieds Dr. Gabriel Schor - PCH (DE)","robots":{"index":"index","follow":"follow","max-snippet":"max-snippet:-1","max-image-preview":"max-image-preview:large","max-video-preview":"max-video-preview:-1"},"canonical":"https:\/\/www.procredit-holding.com\/de\/2018\/11\/30\/procredit-verlaengert-amtszeit-des-vorstandsmitglieds-dr-gabriel-schor\/","og_locale":"en_US","og_type":"article","og_title":"ProCredit verl\u00e4ngert Amtszeit des Vorstandsmitglieds Dr. Gabriel Schor - PCH (DE)","og_description":"Der Aufsichtsrat der ProCredit General Partner AG hat in seiner Sitzung vom 12.11.2018 einstimmig beschlossen, die Ende des Jahres ablaufende Amtszeit von Dr. Gabriel Schor (66) als Vorstandsmitglied der ProCredit General Partner AG bis zum 31.12.2019 zu verl\u00e4ngern. Die Leitung und Gesch\u00e4ftsf\u00fchrung der ProCredit Holding AG &amp; Co. KGaA obliegt der ProCredit General Partner AG &hellip; Continue reading \"ProCredit verl\u00e4ngert Amtszeit des Vorstandsmitglieds Dr. Gabriel Schor\"","og_url":"https:\/\/www.procredit-holding.com\/de\/2018\/11\/30\/procredit-verlaengert-amtszeit-des-vorstandsmitglieds-dr-gabriel-schor\/","og_site_name":"PCH (DE)","article_published_time":"2018-11-30T16:58:13+00:00","author":"Sanda Gvozdenovic","twitter_card":"summary_large_image","twitter_misc":{"Written by":"Sanda Gvozdenovic","Est. reading time":"1 minute"},"schema":{"@context":"https:\/\/schema.org","@graph":[{"@type":"Article","@id":"https:\/\/www.procredit-holding.com\/de\/2018\/11\/30\/procredit-verlaengert-amtszeit-des-vorstandsmitglieds-dr-gabriel-schor\/#article","isPartOf":{"@id":"https:\/\/www.procredit-holding.com\/de\/2018\/11\/30\/procredit-verlaengert-amtszeit-des-vorstandsmitglieds-dr-gabriel-schor\/"},"author":{"name":"Sanda Gvozdenovic","@id":"https:\/\/www.procredit-holding.com\/de\/#\/schema\/person\/9effcdf0f448e0c4f2c7a7814b6173ab"},"headline":"ProCredit verl\u00e4ngert Amtszeit des Vorstandsmitglieds Dr. Gabriel Schor","datePublished":"2018-11-30T16:58:13+00:00","mainEntityOfPage":{"@id":"https:\/\/www.procredit-holding.com\/de\/2018\/11\/30\/procredit-verlaengert-amtszeit-des-vorstandsmitglieds-dr-gabriel-schor\/"},"wordCount":278,"publisher":{"@id":"https:\/\/www.procredit-holding.com\/de\/#organization"},"articleSection":["Corporate News","Pressemitteilungen"],"inLanguage":"en-US"},{"@type":"WebPage","@id":"https:\/\/www.procredit-holding.com\/de\/2018\/11\/30\/procredit-verlaengert-amtszeit-des-vorstandsmitglieds-dr-gabriel-schor\/","url":"https:\/\/www.procredit-holding.com\/de\/2018\/11\/30\/procredit-verlaengert-amtszeit-des-vorstandsmitglieds-dr-gabriel-schor\/","name":"ProCredit verl\u00e4ngert Amtszeit des Vorstandsmitglieds Dr. Gabriel Schor - PCH (DE)","isPartOf":{"@id":"https:\/\/www.procredit-holding.com\/de\/#website"},"datePublished":"2018-11-30T16:58:13+00:00","breadcrumb":{"@id":"https:\/\/www.procredit-holding.com\/de\/2018\/11\/30\/procredit-verlaengert-amtszeit-des-vorstandsmitglieds-dr-gabriel-schor\/#breadcrumb"},"inLanguage":"en-US","potentialAction":[{"@type":"ReadAction","target":["https:\/\/www.procredit-holding.com\/de\/2018\/11\/30\/procredit-verlaengert-amtszeit-des-vorstandsmitglieds-dr-gabriel-schor\/"]}]},{"@type":"BreadcrumbList","@id":"https:\/\/www.procredit-holding.com\/de\/2018\/11\/30\/procredit-verlaengert-amtszeit-des-vorstandsmitglieds-dr-gabriel-schor\/#breadcrumb","itemListElement":[{"@type":"ListItem","position":1,"name":"Home","item":"https:\/\/www.procredit-holding.com\/de\/"},{"@type":"ListItem","position":2,"name":"ProCredit verl\u00e4ngert Amtszeit des Vorstandsmitglieds Dr. Gabriel Schor"}]},{"@type":"WebSite","@id":"https:\/\/www.procredit-holding.com\/de\/#website","url":"https:\/\/www.procredit-holding.com\/de\/","name":"ProCredit Holding (de)","description":"An international development-oriented commercial banking group","publisher":{"@id":"https:\/\/www.procredit-holding.com\/de\/#organization"},"potentialAction":[{"@type":"SearchAction","target":{"@type":"EntryPoint","urlTemplate":"https:\/\/www.procredit-holding.com\/de\/?s={search_term_string}"},"query-input":{"@type":"PropertyValueSpecification","valueRequired":true,"valueName":"search_term_string"}}],"inLanguage":"en-US"},{"@type":"Organization","@id":"https:\/\/www.procredit-holding.com\/de\/#organization","name":"ProCredit Holding AG","url":"https:\/\/www.procredit-holding.com\/de\/","logo":{"@type":"ImageObject","inLanguage":"en-US","@id":"https:\/\/www.procredit-holding.com\/de\/#\/schema\/logo\/image\/","url":"https:\/\/www.procredit-holding.com\/de\/wp-content\/uploads\/sites\/2\/2017\/05\/logo-pch.png","contentUrl":"https:\/\/www.procredit-holding.com\/de\/wp-content\/uploads\/sites\/2\/2017\/05\/logo-pch.png","width":265,"height":90,"caption":"ProCredit Holding AG"},"image":{"@id":"https:\/\/www.procredit-holding.com\/de\/#\/schema\/logo\/image\/"},"sameAs":["https:\/\/www.linkedin.com\/company\/procredit-holding"]},{"@type":"Person","@id":"https:\/\/www.procredit-holding.com\/de\/#\/schema\/person\/9effcdf0f448e0c4f2c7a7814b6173ab","name":"Sanda Gvozdenovic","image":{"@type":"ImageObject","inLanguage":"en-US","@id":"https:\/\/secure.gravatar.com\/avatar\/53db8b5e1f19e3c9d02cd415ca3e498e0a77551b33c500c026f04ea17a0d1a63?s=96&d=mm&r=g","url":"https:\/\/secure.gravatar.com\/avatar\/53db8b5e1f19e3c9d02cd415ca3e498e0a77551b33c500c026f04ea17a0d1a63?s=96&d=mm&r=g","contentUrl":"https:\/\/secure.gravatar.com\/avatar\/53db8b5e1f19e3c9d02cd415ca3e498e0a77551b33c500c026f04ea17a0d1a63?s=96&d=mm&r=g","caption":"Sanda Gvozdenovic"},"sameAs":["https:\/\/www.procredit-holding.com\/"],"url":"https:\/\/www.procredit-holding.com\/de\/author\/sgvozdenovic\/"}]}},"_links":{"self":[{"href":"https:\/\/www.procredit-holding.com\/de\/wp-json\/wp\/v2\/posts\/5234","targetHints":{"allow":["GET"]}}],"collection":[{"href":"https:\/\/www.procredit-holding.com\/de\/wp-json\/wp\/v2\/posts"}],"about":[{"href":"https:\/\/www.procredit-holding.com\/de\/wp-json\/wp\/v2\/types\/post"}],"author":[{"embeddable":true,"href":"https:\/\/www.procredit-holding.com\/de\/wp-json\/wp\/v2\/users\/4"}],"replies":[{"embeddable":true,"href":"https:\/\/www.procredit-holding.com\/de\/wp-json\/wp\/v2\/comments?post=5234"}],"version-history":[{"count":5,"href":"https:\/\/www.procredit-holding.com\/de\/wp-json\/wp\/v2\/posts\/5234\/revisions"}],"predecessor-version":[{"id":5239,"href":"https:\/\/www.procredit-holding.com\/de\/wp-json\/wp\/v2\/posts\/5234\/revisions\/5239"}],"wp:attachment":[{"href":"https:\/\/www.procredit-holding.com\/de\/wp-json\/wp\/v2\/media?parent=5234"}],"wp:term":[{"taxonomy":"category","embeddable":true,"href":"https:\/\/www.procredit-holding.com\/de\/wp-json\/wp\/v2\/categories?post=5234"},{"taxonomy":"post_tag","embeddable":true,"href":"https:\/\/www.procredit-holding.com\/de\/wp-json\/wp\/v2\/tags?post=5234"}],"curies":[{"name":"wp","href":"https:\/\/api.w.org\/{rel}","templated":true}]}}