{"id":5370,"date":"2019-03-27T08:10:46","date_gmt":"2019-03-27T06:10:46","guid":{"rendered":"https:\/\/pchtest.procredit-holding.com\/de\/?p=5370"},"modified":"2019-03-27T08:10:46","modified_gmt":"2019-03-27T06:10:46","slug":"procredit-staerkt-2018-marktposition-mit-zweistelligem-wachstum-und-erzielt-hoeheres-konzernergebnis","status":"publish","type":"post","link":"https:\/\/www.procredit-holding.com\/de\/2019\/03\/27\/procredit-staerkt-2018-marktposition-mit-zweistelligem-wachstum-und-erzielt-hoeheres-konzernergebnis\/","title":{"rendered":"ProCredit st\u00e4rkt 2018 Marktposition mit zweistelligem Wachstum und erzielt h\u00f6heres Konzernergebnis"},"content":{"rendered":"<p>\u2022 Kundenkreditportfolio w\u00e4chst 2018 im Einklang mit der ausgegebenen Prognose um 12,3 % auf 4,4 Mrd. EUR und deutlich st\u00e4rker als im Vorjahr (2017: 8,0 %)<br \/>\n\u2022 Konzernergebnis 2018 um 13,3 % auf 54,5 Mio. EUR angestiegen (2017: 48,1 Mio. EUR)<br \/>\n\u2022 Implementierung des Direktbankkonzepts tr\u00e4gt zu Anstieg des Provisions\u00fcberschusses um 13,9 % auf 52,2 Mio. EUR bei (2017: 45,8 Mio. EUR)<br \/>\n\u2022 Eigenkapitalrendite steigt 2018 auf 7,6 % (2017: 7,1 %) und liegt innerhalb des prognostizierten Korridors <br \/>\n\u2022 Der Hauptversammlung soll eine Dividendenaussch\u00fcttung in H\u00f6he von 0,30 EUR je Aktie vorgeschlagen werden<!--more--><\/p>\n<p>\n<strong>Die schwerpunktm\u00e4\u00dfig in S\u00fcdost- und Osteuropa t\u00e4tige ProCredit Gruppe einschlie\u00dflich ihrer Muttergesellschaft ProCredit Holding verzeichnete auch 2018 ein erfolgreiches Gesch\u00e4ftsjahr. Das Bruttokreditportfolio der ProCredit Gruppe wuchs im Berichtszeitraum um 12,3 % bzw. 482 Mio. EUR auf 4,4 Mrd. EUR (31. Dezember 2017: 3,9 Mrd. EUR; Wachstum Gesamtjahr 2017: 8,0 % bzw. 281 Mio. EUR). Das starke Portfoliowachstum des Jahres 2018 unterstreicht die erfolgreiche Positionierung der ProCredit Banken als Hausbanken f\u00fcr wachstumsstarke kleine und mittlere Unternehmen (KMU). Das Konzernergebnis verbesserte sich im abgelaufenen Gesch\u00e4ftsjahr um 13,3 % auf 54,5 Mio. EUR (2017: 48,1 Mio. EUR). Die Eigenkapitalrendite lag 2018 bei 7,6 % (2017: 7,1 %) und damit innerhalb des prognostizierten Korridors von 7,5 % bis 8,5 %. Der Anstieg von 0,5 Prozentpunkten gegen\u00fcber dem Vorjahr wurde auf einer deutlich erh\u00f6hten Kapitalbasis erzielt. Die f\u00fcr 2018 angek\u00fcndigte Wachstumsbeschleunigung und Profitabilit\u00e4tssteigerung hat die ProCredit Gruppe somit erf\u00fcllt.<\/strong><\/p>\n<p>Das Wachstum des Kreditportfolios wurde von einer weiteren Verbesserung der Portfolioqualit\u00e4t begleitet. Der Anteil notleidender Kredite am Gesamtkreditportfolio sank im Verlauf des Jahres 2018 von 4,5 % zum 31. Dezember 2017 auf 3,1 % zum 31. Dezember 2018. Der Risikodeckungsgrad notleidender Kredite stieg zum Bilanzstichtag auf 90,8 % an (31. Dezember 2017: 84,6 %).<\/p>\n<p>Das Portfolio an gr\u00fcnen Krediten, die die ProCredit Banken zur Unterst\u00fctzung umweltfreundlicher Investitionen vergeben, entwickelte sich positiv und zeigte mit einer Wachstumsrate von 38,5 % ein h\u00f6heres Wachstum als das Gesamtkreditportfolio. Die gr\u00fcnen Kredite machten zum 31. Dezember 2018 15,4 % des Gesamtkreditportfolios aus (31. Dezember 2017: 12,6 %).<\/p>\n<p>Das Direktbankkonzept f\u00fcr Privatkunden wurde 2018 bei allen ProCredit Banken vollst\u00e4ndig implementiert. Es wird sowohl aus Sicht der Kunden als auch der Gruppe als sehr positiv wahrgenommen, da es erhebliche Kosteneinsparungen erm\u00f6glicht. Dar\u00fcber hinaus hat die Implementierung des Direktbankkonzepts dazu beigetragen, den Provisions\u00fcberschuss im Jahr 2018 um 13,9 % bzw. 6,4 Mio. EUR auf 52,2 Mio. EUR zu steigern. Dieser macht nun 21 % des gesamten operativen Ertrags aus. Dar\u00fcber hinaus stieg im Jahr 2018 das Einlagenvolumen bei der ProCredit Gruppe trotz der Straffung des Filialnetzes um 255 Mio. EUR auf 3,8 Mrd. EUR an.<\/p>\n<p>Das Kosten-Ertrags-Verh\u00e4ltnis verbesserte sich im Gesch\u00e4ftsjahr um 3,4 Prozentpunkte und sank von 73,6 % im Jahr 2017 auf 70,2 %. Personal- und Verwaltungsaufwendungen sanken 2018 im Vergleich zum Vorjahr um 8,0 % bzw. 14,9 Mio. EUR auf 171,4 Mio. EUR.<\/p>\n<p>Die harte Kernkapitalquote (CET1 fully loaded) stieg von 13,7 % zum Jahresende 2017 auf 14,4 % zum Stichtag 31. Dezember 2018 und lag damit wie erwartet \u00fcber 13 %. Wesentlichen Einfluss hatte dabei die im Februar 2018 erfolgreich durchgef\u00fchrte Erh\u00f6hung des Grundkapitals der ProCredit Holding.<\/p>\n<p>Wie in den Vorjahren soll ein Drittel des Konzernergebnisses an die Aktion\u00e4re ausgesch\u00fcttet werden. Der Hauptversammlung am 17. Mai 2019 soll daher eine Dividende in H\u00f6he von 0,30 EUR je Aktie vorgeschlagen werden.<\/p>\n<p>Bei der Ausweitung des Gesch\u00e4fts mit KMU-Kunden beh\u00e4lt die ProCredit Gruppe die Entwicklungswirkung der eigenen Aktivit\u00e4ten weiterhin im Blick. Bez\u00fcglich ihrer nichtfinanziellen Performance verpflichtet sich die Gruppe, einen Beitrag zu den UN-Zielen f\u00fcr nachhaltige Entwicklung (SDGs) zu leisten, wie im umfassenden Impact Report der ProCredit Gruppe heute ver\u00f6ffentlicht. Ausgew\u00e4hlte mittelfristige Ziele sind, dass der Anteil der gr\u00fcnen Kredite am Gesamtkreditportfolio auf 20 % steigen soll und dass die eigenen Gesch\u00e4ftsaktivit\u00e4ten der ProCredit Gruppe CO2-neutral ablaufen sollen. Ebenso beabsichtigt die ProCredit Gruppe weiter in Trainingsstunden f\u00fcr die Mitarbeiterinnen und Mitarbeiter zu investieren, um das bereits hohe Niveau an sozialem und \u00f6kologischem Verantwortungsbewusstsein als wesentliche S\u00e4ule f\u00fcr verantwortungsbewusstes Banking weiter auszubauen.<\/p>\n<p>F\u00fcr das Gesch\u00e4ftsjahr 2019 wird ein Wachstum des Bruttokreditportfolios von 10 % bis 13 % erwartet. Im selben Zeitraum soll das Kosten-Ertrags-Verh\u00e4ltnis unter 70 % und das Konzernergebnis zwischen 48 Mio. EUR und 55 Mio. EUR liegen. F\u00fcr die harte Kernkapitalquote (CET1 fully loaded) wird ein Wert von mehr als 13 % erwartet.<\/p>\n<p>Der Gesch\u00e4ftsbericht 2018 der ProCredit Holding, der nichtfinanzielle Impact Report 2018 sowie der Offenlegungsbericht 2018 stehen ab heute auf der Webseite der ProCredit Holding im Bereich Investor Relations unter <a href=\"https:\/\/www.procredit-holding.com\/de\/investor-relations\/berichte-und-veroffentlichungen\">https:\/\/www.procredit-holding.com\/de\/investor-relations\/berichte-und-veroffentlichungen<\/a> zur Verf\u00fcgung.<\/p>\n<p>\n<strong>Kontakt:<\/strong> <br \/>\nAndrea Kaufmann, Group Communications, ProCredit Holding, Tel.: +49 69 95 14 37 138, <br \/>\nE-Mail: Andrea.Kaufmann@procredit-group.com<\/p>\n<p><strong>\u00dcber die ProCredit Holding AG &amp; Co. KGaA<\/strong><br \/>\nDie ProCredit Holding AG &amp; Co. KGaA mit Sitz in Frankfurt am Main, Deutschland, ist die Muttergesellschaft der entwicklungsorientierten ProCredit Gruppe, die aus Gesch\u00e4ftsbanken f\u00fcr kleine und mittlere Unternehmen (KMU) mit operativem Fokus auf S\u00fcdost- und Osteuropa besteht. Zus\u00e4tzlich zu diesem regionalen Schwerpunkt ist die ProCredit Gruppe auch in S\u00fcdamerika und in Deutschland t\u00e4tig. Die Aktien des Unternehmens werden im Prime Standard der Frankfurter Wertpapierb\u00f6rse gehandelt. Zu den Ankeraktion\u00e4ren der ProCredit Holding AG &amp; Co. KGaA geh\u00f6ren die strategischen Investoren Zeitinger Invest und ProCredit Staff Invest (die Investment-Vehikel f\u00fcr ProCredit Mitarbeiter umfasst), die niederl\u00e4ndische DOEN Participaties BV, die KfW und die IFC (Weltbankgruppe). Die ProCredit Holding AG &amp; Co. KGaA unterliegt als \u00fcbergeordnetes Unternehmen im Sinne des Kreditwesengesetzes der Bundesrepublik Deutschland auf Konzernebene der Aufsicht durch die Bundesanstalt f\u00fcr Finanzdienstleistungsaufsicht (BaFin) und die Deutsche Bundesbank. Weiterf\u00fchrende Informationen erhalten Sie im Internet auf der Webseite www.procredit-holding.com.<\/p>\n<p><strong>Zukunftsgerichtete Aussagen<\/strong> <br \/>\nDiese Mitteilung enth\u00e4lt Aussagen, die sich auf unseren k\u00fcnftigen Gesch\u00e4ftsverlauf und k\u00fcnftige finanzielle Leistungsparameter sowie auf k\u00fcnftige die ProCredit Holding betreffende Vorg\u00e4nge oder Entwicklungen beziehen und zukunftsgerichtete Aussagen darstellen k\u00f6nnen. Solche Aussagen beruhen auf den gegenw\u00e4rtigen Erwartungen und bestimmten Annahmen des Managements der ProCredit Holding, von denen zahlreiche au\u00dferhalb des Einflussbereichs der ProCredit Holding liegen. Sie unterliegen daher einer Vielzahl von Risiken, Ungewissheiten und Faktoren. Sollten sich eines oder mehrere dieser Risiken oder Ungewissheiten realisieren oder sollte es sich erweisen, dass die zugrunde liegenden Erwartungen nicht eintreten beziehungsweise Annahmen nicht korrekt waren, k\u00f6nnen die tats\u00e4chlichen Ergebnisse, Leistungen und Erfolge der ProCredit Holding (sowohl negativ als auch positiv) wesentlich von denjenigen Ergebnissen abweichen, die ausdr\u00fccklich oder implizit in der zukunftsgerichteten Aussage genannt worden sind. Die ProCredit Holding \u00fcbernimmt keine Verpflichtung und beabsichtigt auch nicht, diese zukunftsgerichteten Aussagen zu aktualisieren oder bei einer anderen als der erwarteten Entwicklung zu korrigieren.<\/p>\n","protected":false},"excerpt":{"rendered":"<p>\u2022 Kundenkreditportfolio w\u00e4chst 2018 im Einklang mit der ausgegebenen Prognose um 12,3 % auf 4,4 Mrd. EUR und deutlich st\u00e4rker als im Vorjahr (2017: 8,0 %) \u2022 Konzernergebnis 2018 um 13,3 % auf 54,5 Mio. EUR angestiegen (2017: 48,1 Mio. EUR) \u2022 Implementierung des Direktbankkonzepts tr\u00e4gt zu Anstieg des Provisions\u00fcberschusses um 13,9 % auf 52,2 &hellip; <\/p>\n<p class=\"link-more\"><a href=\"https:\/\/www.procredit-holding.com\/de\/2019\/03\/27\/procredit-staerkt-2018-marktposition-mit-zweistelligem-wachstum-und-erzielt-hoeheres-konzernergebnis\/\" class=\"more-link\">Continue reading<span class=\"screen-reader-text\"> &#8220;ProCredit st\u00e4rkt 2018 Marktposition mit zweistelligem Wachstum und erzielt h\u00f6heres Konzernergebnis&#8221;<\/span><\/a><\/p>\n","protected":false},"author":5,"featured_media":0,"comment_status":"closed","ping_status":"open","sticky":false,"template":"","format":"standard","meta":{"_acf_changed":false,"footnotes":""},"categories":[1,4],"tags":[],"class_list":["post-5370","post","type-post","status-publish","format-standard","hentry","category-corporate-news","category-press-releases"],"acf":[],"yoast_head":"<!-- This site is optimized with the Yoast SEO plugin v27.5 - https:\/\/yoast.com\/product\/yoast-seo-wordpress\/ -->\n<title>ProCredit st\u00e4rkt 2018 Marktposition mit zweistelligem Wachstum und erzielt h\u00f6heres Konzernergebnis - PCH (DE)<\/title>\n<meta name=\"robots\" content=\"index, follow, max-snippet:-1, max-image-preview:large, max-video-preview:-1\" \/>\n<link rel=\"canonical\" href=\"https:\/\/www.procredit-holding.com\/de\/2019\/03\/27\/procredit-staerkt-2018-marktposition-mit-zweistelligem-wachstum-und-erzielt-hoeheres-konzernergebnis\/\" \/>\n<meta property=\"og:locale\" content=\"en_US\" \/>\n<meta property=\"og:type\" content=\"article\" \/>\n<meta property=\"og:title\" content=\"ProCredit st\u00e4rkt 2018 Marktposition mit zweistelligem Wachstum und erzielt h\u00f6heres Konzernergebnis - PCH (DE)\" \/>\n<meta property=\"og:description\" content=\"\u2022 Kundenkreditportfolio w\u00e4chst 2018 im Einklang mit der ausgegebenen Prognose um 12,3 % auf 4,4 Mrd. EUR und deutlich st\u00e4rker als im Vorjahr (2017: 8,0 %) \u2022 Konzernergebnis 2018 um 13,3 % auf 54,5 Mio. EUR angestiegen (2017: 48,1 Mio. EUR) \u2022 Implementierung des Direktbankkonzepts tr\u00e4gt zu Anstieg des Provisions\u00fcberschusses um 13,9 % auf 52,2 &hellip; Continue reading &quot;ProCredit st\u00e4rkt 2018 Marktposition mit zweistelligem Wachstum und erzielt h\u00f6heres Konzernergebnis&quot;\" \/>\n<meta property=\"og:url\" content=\"https:\/\/www.procredit-holding.com\/de\/2019\/03\/27\/procredit-staerkt-2018-marktposition-mit-zweistelligem-wachstum-und-erzielt-hoeheres-konzernergebnis\/\" \/>\n<meta property=\"og:site_name\" content=\"PCH (DE)\" \/>\n<meta property=\"article:published_time\" content=\"2019-03-27T06:10:46+00:00\" \/>\n<meta name=\"author\" content=\"Regina Schrage\" \/>\n<meta name=\"twitter:card\" content=\"summary_large_image\" \/>\n<meta name=\"twitter:label1\" content=\"Written by\" \/>\n\t<meta name=\"twitter:data1\" content=\"Regina Schrage\" \/>\n\t<meta name=\"twitter:label2\" content=\"Est. reading time\" \/>\n\t<meta name=\"twitter:data2\" content=\"5 minutes\" \/>\n<script type=\"application\/ld+json\" class=\"yoast-schema-graph\">{\"@context\":\"https:\\\/\\\/schema.org\",\"@graph\":[{\"@type\":\"Article\",\"@id\":\"https:\\\/\\\/www.procredit-holding.com\\\/de\\\/2019\\\/03\\\/27\\\/procredit-staerkt-2018-marktposition-mit-zweistelligem-wachstum-und-erzielt-hoeheres-konzernergebnis\\\/#article\",\"isPartOf\":{\"@id\":\"https:\\\/\\\/www.procredit-holding.com\\\/de\\\/2019\\\/03\\\/27\\\/procredit-staerkt-2018-marktposition-mit-zweistelligem-wachstum-und-erzielt-hoeheres-konzernergebnis\\\/\"},\"author\":{\"name\":\"Regina Schrage\",\"@id\":\"https:\\\/\\\/www.procredit-holding.com\\\/de\\\/#\\\/schema\\\/person\\\/033336a148239125a0b67e3e0560bba8\"},\"headline\":\"ProCredit st\u00e4rkt 2018 Marktposition mit zweistelligem Wachstum und erzielt h\u00f6heres Konzernergebnis\",\"datePublished\":\"2019-03-27T06:10:46+00:00\",\"mainEntityOfPage\":{\"@id\":\"https:\\\/\\\/www.procredit-holding.com\\\/de\\\/2019\\\/03\\\/27\\\/procredit-staerkt-2018-marktposition-mit-zweistelligem-wachstum-und-erzielt-hoeheres-konzernergebnis\\\/\"},\"wordCount\":1029,\"publisher\":{\"@id\":\"https:\\\/\\\/www.procredit-holding.com\\\/de\\\/#organization\"},\"articleSection\":[\"Corporate News\",\"Pressemitteilungen\"],\"inLanguage\":\"en-US\"},{\"@type\":\"WebPage\",\"@id\":\"https:\\\/\\\/www.procredit-holding.com\\\/de\\\/2019\\\/03\\\/27\\\/procredit-staerkt-2018-marktposition-mit-zweistelligem-wachstum-und-erzielt-hoeheres-konzernergebnis\\\/\",\"url\":\"https:\\\/\\\/www.procredit-holding.com\\\/de\\\/2019\\\/03\\\/27\\\/procredit-staerkt-2018-marktposition-mit-zweistelligem-wachstum-und-erzielt-hoeheres-konzernergebnis\\\/\",\"name\":\"ProCredit st\u00e4rkt 2018 Marktposition mit zweistelligem Wachstum und erzielt h\u00f6heres Konzernergebnis - PCH (DE)\",\"isPartOf\":{\"@id\":\"https:\\\/\\\/www.procredit-holding.com\\\/de\\\/#website\"},\"datePublished\":\"2019-03-27T06:10:46+00:00\",\"breadcrumb\":{\"@id\":\"https:\\\/\\\/www.procredit-holding.com\\\/de\\\/2019\\\/03\\\/27\\\/procredit-staerkt-2018-marktposition-mit-zweistelligem-wachstum-und-erzielt-hoeheres-konzernergebnis\\\/#breadcrumb\"},\"inLanguage\":\"en-US\",\"potentialAction\":[{\"@type\":\"ReadAction\",\"target\":[\"https:\\\/\\\/www.procredit-holding.com\\\/de\\\/2019\\\/03\\\/27\\\/procredit-staerkt-2018-marktposition-mit-zweistelligem-wachstum-und-erzielt-hoeheres-konzernergebnis\\\/\"]}]},{\"@type\":\"BreadcrumbList\",\"@id\":\"https:\\\/\\\/www.procredit-holding.com\\\/de\\\/2019\\\/03\\\/27\\\/procredit-staerkt-2018-marktposition-mit-zweistelligem-wachstum-und-erzielt-hoeheres-konzernergebnis\\\/#breadcrumb\",\"itemListElement\":[{\"@type\":\"ListItem\",\"position\":1,\"name\":\"Home\",\"item\":\"https:\\\/\\\/www.procredit-holding.com\\\/de\\\/\"},{\"@type\":\"ListItem\",\"position\":2,\"name\":\"ProCredit st\u00e4rkt 2018 Marktposition mit zweistelligem Wachstum und erzielt h\u00f6heres Konzernergebnis\"}]},{\"@type\":\"WebSite\",\"@id\":\"https:\\\/\\\/www.procredit-holding.com\\\/de\\\/#website\",\"url\":\"https:\\\/\\\/www.procredit-holding.com\\\/de\\\/\",\"name\":\"ProCredit Holding (de)\",\"description\":\"An international development-oriented commercial banking group\",\"publisher\":{\"@id\":\"https:\\\/\\\/www.procredit-holding.com\\\/de\\\/#organization\"},\"potentialAction\":[{\"@type\":\"SearchAction\",\"target\":{\"@type\":\"EntryPoint\",\"urlTemplate\":\"https:\\\/\\\/www.procredit-holding.com\\\/de\\\/?s={search_term_string}\"},\"query-input\":{\"@type\":\"PropertyValueSpecification\",\"valueRequired\":true,\"valueName\":\"search_term_string\"}}],\"inLanguage\":\"en-US\"},{\"@type\":\"Organization\",\"@id\":\"https:\\\/\\\/www.procredit-holding.com\\\/de\\\/#organization\",\"name\":\"ProCredit Holding AG\",\"url\":\"https:\\\/\\\/www.procredit-holding.com\\\/de\\\/\",\"logo\":{\"@type\":\"ImageObject\",\"inLanguage\":\"en-US\",\"@id\":\"https:\\\/\\\/www.procredit-holding.com\\\/de\\\/#\\\/schema\\\/logo\\\/image\\\/\",\"url\":\"https:\\\/\\\/www.procredit-holding.com\\\/de\\\/wp-content\\\/uploads\\\/sites\\\/2\\\/2017\\\/05\\\/logo-pch.png\",\"contentUrl\":\"https:\\\/\\\/www.procredit-holding.com\\\/de\\\/wp-content\\\/uploads\\\/sites\\\/2\\\/2017\\\/05\\\/logo-pch.png\",\"width\":265,\"height\":90,\"caption\":\"ProCredit Holding AG\"},\"image\":{\"@id\":\"https:\\\/\\\/www.procredit-holding.com\\\/de\\\/#\\\/schema\\\/logo\\\/image\\\/\"},\"sameAs\":[\"https:\\\/\\\/www.linkedin.com\\\/company\\\/procredit-holding\"]},{\"@type\":\"Person\",\"@id\":\"https:\\\/\\\/www.procredit-holding.com\\\/de\\\/#\\\/schema\\\/person\\\/033336a148239125a0b67e3e0560bba8\",\"name\":\"Regina Schrage\",\"image\":{\"@type\":\"ImageObject\",\"inLanguage\":\"en-US\",\"@id\":\"https:\\\/\\\/secure.gravatar.com\\\/avatar\\\/98e4455a7ff3b4c35a9b003a4ca039a2b264a0c1ef1345f0e8cec7ff30b83595?s=96&d=mm&r=g\",\"url\":\"https:\\\/\\\/secure.gravatar.com\\\/avatar\\\/98e4455a7ff3b4c35a9b003a4ca039a2b264a0c1ef1345f0e8cec7ff30b83595?s=96&d=mm&r=g\",\"contentUrl\":\"https:\\\/\\\/secure.gravatar.com\\\/avatar\\\/98e4455a7ff3b4c35a9b003a4ca039a2b264a0c1ef1345f0e8cec7ff30b83595?s=96&d=mm&r=g\",\"caption\":\"Regina Schrage\"},\"url\":\"https:\\\/\\\/www.procredit-holding.com\\\/de\\\/author\\\/rschrage\\\/\"}]}<\/script>\n<!-- \/ Yoast SEO plugin. -->","yoast_head_json":{"title":"ProCredit st\u00e4rkt 2018 Marktposition mit zweistelligem Wachstum und erzielt h\u00f6heres Konzernergebnis - PCH (DE)","robots":{"index":"index","follow":"follow","max-snippet":"max-snippet:-1","max-image-preview":"max-image-preview:large","max-video-preview":"max-video-preview:-1"},"canonical":"https:\/\/www.procredit-holding.com\/de\/2019\/03\/27\/procredit-staerkt-2018-marktposition-mit-zweistelligem-wachstum-und-erzielt-hoeheres-konzernergebnis\/","og_locale":"en_US","og_type":"article","og_title":"ProCredit st\u00e4rkt 2018 Marktposition mit zweistelligem Wachstum und erzielt h\u00f6heres Konzernergebnis - PCH (DE)","og_description":"\u2022 Kundenkreditportfolio w\u00e4chst 2018 im Einklang mit der ausgegebenen Prognose um 12,3 % auf 4,4 Mrd. EUR und deutlich st\u00e4rker als im Vorjahr (2017: 8,0 %) \u2022 Konzernergebnis 2018 um 13,3 % auf 54,5 Mio. EUR angestiegen (2017: 48,1 Mio. EUR) \u2022 Implementierung des Direktbankkonzepts tr\u00e4gt zu Anstieg des Provisions\u00fcberschusses um 13,9 % auf 52,2 &hellip; Continue reading \"ProCredit st\u00e4rkt 2018 Marktposition mit zweistelligem Wachstum und erzielt h\u00f6heres Konzernergebnis\"","og_url":"https:\/\/www.procredit-holding.com\/de\/2019\/03\/27\/procredit-staerkt-2018-marktposition-mit-zweistelligem-wachstum-und-erzielt-hoeheres-konzernergebnis\/","og_site_name":"PCH (DE)","article_published_time":"2019-03-27T06:10:46+00:00","author":"Regina Schrage","twitter_card":"summary_large_image","twitter_misc":{"Written by":"Regina Schrage","Est. reading time":"5 minutes"},"schema":{"@context":"https:\/\/schema.org","@graph":[{"@type":"Article","@id":"https:\/\/www.procredit-holding.com\/de\/2019\/03\/27\/procredit-staerkt-2018-marktposition-mit-zweistelligem-wachstum-und-erzielt-hoeheres-konzernergebnis\/#article","isPartOf":{"@id":"https:\/\/www.procredit-holding.com\/de\/2019\/03\/27\/procredit-staerkt-2018-marktposition-mit-zweistelligem-wachstum-und-erzielt-hoeheres-konzernergebnis\/"},"author":{"name":"Regina Schrage","@id":"https:\/\/www.procredit-holding.com\/de\/#\/schema\/person\/033336a148239125a0b67e3e0560bba8"},"headline":"ProCredit st\u00e4rkt 2018 Marktposition mit zweistelligem Wachstum und erzielt h\u00f6heres Konzernergebnis","datePublished":"2019-03-27T06:10:46+00:00","mainEntityOfPage":{"@id":"https:\/\/www.procredit-holding.com\/de\/2019\/03\/27\/procredit-staerkt-2018-marktposition-mit-zweistelligem-wachstum-und-erzielt-hoeheres-konzernergebnis\/"},"wordCount":1029,"publisher":{"@id":"https:\/\/www.procredit-holding.com\/de\/#organization"},"articleSection":["Corporate News","Pressemitteilungen"],"inLanguage":"en-US"},{"@type":"WebPage","@id":"https:\/\/www.procredit-holding.com\/de\/2019\/03\/27\/procredit-staerkt-2018-marktposition-mit-zweistelligem-wachstum-und-erzielt-hoeheres-konzernergebnis\/","url":"https:\/\/www.procredit-holding.com\/de\/2019\/03\/27\/procredit-staerkt-2018-marktposition-mit-zweistelligem-wachstum-und-erzielt-hoeheres-konzernergebnis\/","name":"ProCredit st\u00e4rkt 2018 Marktposition mit zweistelligem Wachstum und erzielt h\u00f6heres Konzernergebnis - PCH (DE)","isPartOf":{"@id":"https:\/\/www.procredit-holding.com\/de\/#website"},"datePublished":"2019-03-27T06:10:46+00:00","breadcrumb":{"@id":"https:\/\/www.procredit-holding.com\/de\/2019\/03\/27\/procredit-staerkt-2018-marktposition-mit-zweistelligem-wachstum-und-erzielt-hoeheres-konzernergebnis\/#breadcrumb"},"inLanguage":"en-US","potentialAction":[{"@type":"ReadAction","target":["https:\/\/www.procredit-holding.com\/de\/2019\/03\/27\/procredit-staerkt-2018-marktposition-mit-zweistelligem-wachstum-und-erzielt-hoeheres-konzernergebnis\/"]}]},{"@type":"BreadcrumbList","@id":"https:\/\/www.procredit-holding.com\/de\/2019\/03\/27\/procredit-staerkt-2018-marktposition-mit-zweistelligem-wachstum-und-erzielt-hoeheres-konzernergebnis\/#breadcrumb","itemListElement":[{"@type":"ListItem","position":1,"name":"Home","item":"https:\/\/www.procredit-holding.com\/de\/"},{"@type":"ListItem","position":2,"name":"ProCredit st\u00e4rkt 2018 Marktposition mit zweistelligem Wachstum und erzielt h\u00f6heres Konzernergebnis"}]},{"@type":"WebSite","@id":"https:\/\/www.procredit-holding.com\/de\/#website","url":"https:\/\/www.procredit-holding.com\/de\/","name":"ProCredit Holding (de)","description":"An international development-oriented commercial banking group","publisher":{"@id":"https:\/\/www.procredit-holding.com\/de\/#organization"},"potentialAction":[{"@type":"SearchAction","target":{"@type":"EntryPoint","urlTemplate":"https:\/\/www.procredit-holding.com\/de\/?s={search_term_string}"},"query-input":{"@type":"PropertyValueSpecification","valueRequired":true,"valueName":"search_term_string"}}],"inLanguage":"en-US"},{"@type":"Organization","@id":"https:\/\/www.procredit-holding.com\/de\/#organization","name":"ProCredit Holding AG","url":"https:\/\/www.procredit-holding.com\/de\/","logo":{"@type":"ImageObject","inLanguage":"en-US","@id":"https:\/\/www.procredit-holding.com\/de\/#\/schema\/logo\/image\/","url":"https:\/\/www.procredit-holding.com\/de\/wp-content\/uploads\/sites\/2\/2017\/05\/logo-pch.png","contentUrl":"https:\/\/www.procredit-holding.com\/de\/wp-content\/uploads\/sites\/2\/2017\/05\/logo-pch.png","width":265,"height":90,"caption":"ProCredit Holding AG"},"image":{"@id":"https:\/\/www.procredit-holding.com\/de\/#\/schema\/logo\/image\/"},"sameAs":["https:\/\/www.linkedin.com\/company\/procredit-holding"]},{"@type":"Person","@id":"https:\/\/www.procredit-holding.com\/de\/#\/schema\/person\/033336a148239125a0b67e3e0560bba8","name":"Regina Schrage","image":{"@type":"ImageObject","inLanguage":"en-US","@id":"https:\/\/secure.gravatar.com\/avatar\/98e4455a7ff3b4c35a9b003a4ca039a2b264a0c1ef1345f0e8cec7ff30b83595?s=96&d=mm&r=g","url":"https:\/\/secure.gravatar.com\/avatar\/98e4455a7ff3b4c35a9b003a4ca039a2b264a0c1ef1345f0e8cec7ff30b83595?s=96&d=mm&r=g","contentUrl":"https:\/\/secure.gravatar.com\/avatar\/98e4455a7ff3b4c35a9b003a4ca039a2b264a0c1ef1345f0e8cec7ff30b83595?s=96&d=mm&r=g","caption":"Regina Schrage"},"url":"https:\/\/www.procredit-holding.com\/de\/author\/rschrage\/"}]}},"_links":{"self":[{"href":"https:\/\/www.procredit-holding.com\/de\/wp-json\/wp\/v2\/posts\/5370","targetHints":{"allow":["GET"]}}],"collection":[{"href":"https:\/\/www.procredit-holding.com\/de\/wp-json\/wp\/v2\/posts"}],"about":[{"href":"https:\/\/www.procredit-holding.com\/de\/wp-json\/wp\/v2\/types\/post"}],"author":[{"embeddable":true,"href":"https:\/\/www.procredit-holding.com\/de\/wp-json\/wp\/v2\/users\/5"}],"replies":[{"embeddable":true,"href":"https:\/\/www.procredit-holding.com\/de\/wp-json\/wp\/v2\/comments?post=5370"}],"version-history":[{"count":5,"href":"https:\/\/www.procredit-holding.com\/de\/wp-json\/wp\/v2\/posts\/5370\/revisions"}],"predecessor-version":[{"id":5382,"href":"https:\/\/www.procredit-holding.com\/de\/wp-json\/wp\/v2\/posts\/5370\/revisions\/5382"}],"wp:attachment":[{"href":"https:\/\/www.procredit-holding.com\/de\/wp-json\/wp\/v2\/media?parent=5370"}],"wp:term":[{"taxonomy":"category","embeddable":true,"href":"https:\/\/www.procredit-holding.com\/de\/wp-json\/wp\/v2\/categories?post=5370"},{"taxonomy":"post_tag","embeddable":true,"href":"https:\/\/www.procredit-holding.com\/de\/wp-json\/wp\/v2\/tags?post=5370"}],"curies":[{"name":"wp","href":"https:\/\/api.w.org\/{rel}","templated":true}]}}