{"id":6127,"date":"2020-05-14T07:10:53","date_gmt":"2020-05-14T05:10:53","guid":{"rendered":"https:\/\/pchtest.procredit-holding.com\/de\/?p=6127"},"modified":"2020-05-14T07:10:53","modified_gmt":"2020-05-14T05:10:53","slug":"procredit-gruppe-schliesst-q1-2020-mit-portfoliowachstum-und-verbessertem-konzernergebnis-ab","status":"publish","type":"post","link":"https:\/\/www.procredit-holding.com\/de\/2020\/05\/14\/procredit-gruppe-schliesst-q1-2020-mit-portfoliowachstum-und-verbessertem-konzernergebnis-ab\/","title":{"rendered":"ProCredit Gruppe schlie\u00dft Q1 2020 mit Portfoliowachstum und verbessertem Konzernergebnis ab"},"content":{"rendered":"<p>\u2022 Kundenkreditportfolio w\u00e4chst um 0,9 %<br \/>\n\u2022 Konzernergebnis steigt gegen\u00fcber dem Vorjahr um 3,0 Mio. EUR auf 13,7 Mio. EUR, die Eigenkapitalrendite betr\u00e4gt 7,0 %<br \/>\n\u2022 Risikokosten von 57 Basispunkten liegen im Rahmen der Erwartungen und reflektieren das verschlechterte makro-\u00f6konomische Klima<br \/>\n\u2022 Kosten-Ertrags-Verh\u00e4ltnis auf 64,6 % stark verbessert<!--more--><\/p>\n<p><strong>Die schwerpunktm\u00e4\u00dfig in S\u00fcdost- und Osteuropa t\u00e4tige ProCredit Gruppe verzeichnete ein gutes Ergebnis f\u00fcr das erste Quartal 2020. Das Kundenkreditportfolio wuchs um 0,9 % bzw. 42 Mio. EUR (Q1 2019: +1,7 % \/ +73 Mio. EUR) auf 4,8 Mrd. EUR. Das Konzernergebnis von 13,7 Mio. EUR lag 3,0 Mio. EUR \u00fcber dem des Vorjahresquartals (Q1 2019: 10,7 Mio. EUR) und entspricht einer Eigenkapitalrendite von 7,0 % (Q1 2019: 5,6 %). Die Ergebnisverbesserung resultierte im Wesentlichen aus einem deutlichen Anstieg des Zins\u00fcberschusses und aus dem Wegfall negativer Ergebniseffekte aus Restrukturierungsma\u00dfnahmen, die 2019 noch belastend auf das Konzernergebnis wirkten.<\/strong><\/p>\n<p>Das Wachstum des Kundenkreditportfolios wurde durch W\u00e4hrungseffekte von ca. 50 Mio. EUR reduziert, insbesondere aufgrund der Abwertung lokaler W\u00e4hrungen im Segment Osteuropa. Von dem Gesamtwachstum des Kundenkreditportfolios kamen 29 % von gr\u00fcnen Krediten. Das Volumen der Kundeneinlagen belief sich zum Ende des ersten Quartals 2020 auf 4,3 Mrd. EUR. Der R\u00fcckgang der Depositen um insgesamt 74 Mio. EUR oder 1,7 % ist auf den saisonalen Abbau von Gesch\u00e4ftskundeneinlagen sowie negative W\u00e4hrungseffekte zur\u00fcckzuf\u00fchren. Die Liquidit\u00e4t der Gruppe blieb dabei solide, die LCR betrug zum Ende des Quartals 181 %.<\/p>\n<p>Das Konzernergebnis lag mit 13,7 Mio. EUR um 3,0 Mio. EUR \u00fcber dem Ergebnis des Vorjahresquartals. Diese Entwicklung basiert im Wesentlichen auf einem deutlichen Anstieg des Zins\u00fcberschusses, dem Wegfall negativer Ergebniseffekte aus Restrukturierungsma\u00dfnahmen und nicht-fortgef\u00fchrten Gesch\u00e4ftsbereichen sowie einer stabilen Kostenbasis. Der Nettozins\u00fcberschuss stieg im Vergleich zum ersten Quartal des Vorjahres um 5,5 Mio. EUR bzw. 12,2 % auf 50,9 Mio. EUR und ist vor allem auf das Wachstum des Kundenkreditportfolios in den vergangenen 12 Monaten zur\u00fcckzuf\u00fchren. Die Nettozinsmarge blieb mit 3,1 % stabil auf dem Niveau des Vorjahres.<\/p>\n<p>Die Aufwendungen aus der Risikovorsorge erh\u00f6hten sich im Vergleich zum Vorjahresquartal um 4,8 Mio. EUR auf insgesamt 6,9 Mio. EUR, was annualisierten Risikokosten von 57 Basispunkten entspricht. Diese Entwicklung reflektiert in erster Linie die verschlechterten makro\u00f6konomischen Aussichten in Zusammenhang mit der COVID-19-Pandemie. Der Anteil notleidender Kredite sank um 0,1 Prozentpunkte auf 2,4 % (31. Dezember 2019: 2,5 %), ihr Risikodeckungsgrad stieg von 89,1 % zum Endes des Jahres 2019 auf 95,5 %.<\/p>\n<p>Der Provisions\u00fcberschuss reduzierte sich leicht um 0,7 Mio EUR auf 12,0 Mio. EUR, was vor allem auf einen R\u00fcckgang von Ertr\u00e4gen aus dem Privatkundengesch\u00e4ft zur\u00fcckzuf\u00fchren ist.<br \/>\nDie personellen und administrativen Aufwendungen zeigten sich gegen\u00fcber dem Vorjahresquartal stabil. Das Kosten-Ertrags-Verh\u00e4ltnis reduzierte sich dank der stabilen Kostenbasis und des Anstiegs des Zins\u00fcberschusses deutlich auf 64,6 % (Q1 2019: 69,8 %). Das Ergebnis vor Steuern und Risikovorsorge lag mit 22,9 Mio. EUR um 5,1 Mio. EUR bzw. 29 % \u00fcber dem Vorjahresquartal.<\/p>\n<p>Die Kapitalausstattung der ProCredit Gruppe ist weiterhin solide. Die harte Kernkapitalquote (CET1 fully loaded) lag zum 31. M\u00e4rz 2020 mit 14,0 % nahezu unver\u00e4ndert auf dem Niveau des Jahresendes 2019 (31. Dezember 2019: 14,1 %). Die Festigkeit der Kapitalausstattung wird weiter von einem Verschuldungsgrad von 10,5 % (31. Dezember 2019: 10,8 %) unterstrichen.<\/p>\n<p>Das Management der ProCredit Holding ist davon \u00fcberzeugt, dass der auf Nachhaltigkeit und Langfristigkeit ausgerichtete Gesch\u00e4ftsansatz -insbesondere in den jetzigen turbulenten Zeiten- der Gruppe wichtige Stabilit\u00e4t verleiht und somit auch aus \u00f6konomischer Sicht sinnvoll ist.<\/p>\n<p>\u201eWir glauben, dass ein robuster KMU-Sektor bei der makro\u00f6konomischen Erholung unserer M\u00e4rkte von zentraler Bedeutung sein wird. Unser Ansatz gegen\u00fcber KMU Kunden basiert seit jeher auf dem Hausbank-Konzept, das sich auf enge und langfristige Beziehungen zu Kunden st\u00fctzt. In der aktuellen Lage erm\u00f6glicht uns dieser Ansatz unser Portfolio effektiv zu \u00fcberwachen, Kreditrisiken differenziert zu bewerten und Kunden z\u00fcgig und pragmatisch zu unterst\u00fctzen. Mit unserem digitalen Direktbankangebot haben wir zudem eine effiziente Plattform geschaffen, \u00fcber die wir \u201eover-the-counter\u201c-Transaktionen in Filialen quasi abgeschafft haben. F\u00fcr die Zukunft bedeutet das die weitere Skalierbarkeit unseres Gesch\u00e4ftsmodells. In der aktuellen Lage bedeutet es dar\u00fcber hinaus Stabilit\u00e4t und Sicherheit, da Kunden ihre Bankgesch\u00e4fte trotz Ausgangsbeschr\u00e4nkungen ungehindert durchf\u00fchren k\u00f6nnen und Kundenanfragen effizient \u00fcber unsere Kontaktcenter bearbeitet werden k\u00f6nnen\u201c, so das Management.<\/p>\n<p>Am 27. April 2020 wurde eine Stellungnahme des Managements zu den Auswirkungen der COVID-19-Pandemie auf der Internetseite der ProCredit Holding ver\u00f6ffentlicht.<\/p>\n<p>Auf Gesamtjahressicht best\u00e4tigt das Management die Prognose einer r\u00fcckl\u00e4ufigen, aber positiven Eigenkapitalrendite und einem stabilen Kosten-Ertrags-Verh\u00e4ltnis von ca. 70 %. F\u00fcr das Kundenkreditportfolio wird weiterhin ein gem\u00e4\u00dfigteres prozentuales Wachstum im niedrigen einstelligen Bereich erwartet. Die harte Kernkapitalquote (CET1 fully loaded) soll im Einklang mit der bisherigen Prognose Ende 2020 h\u00f6her als 13 % sein. Diese Prognosen beruhen auf aktuellen Einsch\u00e4tzungen der Gesamtlage, die sich aufgrund sehr dynamischer Entwicklungen hinsichtlich der COVID-19-Pandemie in der Zukunft \u00e4ndern kann.<\/p>\n<p>Die Quartalsmitteilung der ProCredit Gruppe steht ab heute in deutscher und englischer Sprache auf der Webseite der ProCredit Holding im Bereich Investor Relations unter https:\/\/www.procredit-holding.com\/de\/investor-relations\/berichte-und-veroffentlichungen\/finanzberichte\/ zur Verf\u00fcgung.<\/p>\n<p><strong>Kontakt:<\/strong><br \/>\nAndrea Kaufmann, Group Communications, ProCredit Holding, Tel.: +49 69 95 14 37 138, <br \/>\nE-Mail: <a href=\"mailto:Andrea.Kaufmann@procredit-group.com\">Andrea.Kaufmann@procredit-group.com<\/a><\/p>\n<p><strong>\u00dcber die ProCredit Holding AG &amp; Co. KGaA<\/strong><br \/>\nDie ProCredit Holding AG &amp; Co. KGaA mit Sitz in Frankfurt am Main, Deutschland, ist die Muttergesellschaft der entwicklungsorientierten ProCredit Gruppe, die aus Gesch\u00e4ftsbanken f\u00fcr kleine und mittlere Unternehmen (KMU) mit operativem Fokus auf S\u00fcdost- und Osteuropa besteht. Zus\u00e4tzlich zu diesem regionalen Schwerpunkt ist die ProCredit Gruppe auch in S\u00fcdamerika und in Deutschland t\u00e4tig. Die Aktien des Unternehmens werden im Prime Standard der Frankfurter Wertpapierb\u00f6rse gehandelt. Zu den Ankeraktion\u00e4ren der ProCredit Holding AG &amp; Co. KGaA geh\u00f6ren die strategischen Investoren Zeitinger Invest und ProCredit Staff Invest (die Investment-Vehikel f\u00fcr ProCredit Mitarbeiter umfasst), die niederl\u00e4ndische DOEN Participaties BV, die KfW und die IFC (Weltbankgruppe). Die ProCredit Holding AG &amp; Co. KGaA unterliegt als \u00fcbergeordnetes Unternehmen im Sinne des Kreditwesengesetzes der Bundesrepublik Deutschland auf Konzernebene der Aufsicht durch die Bundesanstalt f\u00fcr Finanzdienstleistungsaufsicht (BaFin) und die Deutsche Bundesbank. Weiterf\u00fchrende Informationen erhalten Sie im Internet auf der Webseite www.procredit-holding.com.<\/p>\n<p><strong>Zukunftsgerichtete Aussagen<\/strong> <br \/>\nDiese Mitteilung enth\u00e4lt Aussagen, die sich auf unseren k\u00fcnftigen Gesch\u00e4ftsverlauf und k\u00fcnftige finanzielle Leistungsparameter sowie auf k\u00fcnftige die ProCredit Holding betreffende Vorg\u00e4nge oder Entwicklungen beziehen und zukunftsgerichtete Aussagen darstellen k\u00f6nnen. Solche Aussagen beruhen auf den gegenw\u00e4rtigen Erwartungen und bestimmten Annahmen des Managements der ProCredit Holding, von denen zahlreiche au\u00dferhalb des Einflussbereichs der ProCredit Holding liegen. Sie unterliegen daher einer Vielzahl von Risiken, Ungewissheiten und Faktoren. Sollten sich eines oder mehrere dieser Risiken oder Ungewissheiten realisieren oder sollte es sich erweisen, dass die zugrunde liegenden Erwartungen nicht eintreten beziehungsweise Annahmen nicht korrekt waren, k\u00f6nnen die tats\u00e4chlichen Ergebnisse, Leistungen und Erfolge der ProCredit Holding (sowohl negativ als auch positiv) wesentlich von denjenigen Ergebnissen abweichen, die ausdr\u00fccklich oder implizit in der zukunftsgerichteten Aussage genannt worden sind. Die ProCredit Holding \u00fcbernimmt keine Verpflichtung und beabsichtigt auch nicht, diese zukunftsgerichteten Aussagen zu aktualisieren oder bei einer anderen als der erwarteten Entwicklung zu korrigieren.<\/p>\n","protected":false},"excerpt":{"rendered":"<p>\u2022 Kundenkreditportfolio w\u00e4chst um 0,9 % \u2022 Konzernergebnis steigt gegen\u00fcber dem Vorjahr um 3,0 Mio. EUR auf 13,7 Mio. EUR, die Eigenkapitalrendite betr\u00e4gt 7,0 % \u2022 Risikokosten von 57 Basispunkten liegen im Rahmen der Erwartungen und reflektieren das verschlechterte makro-\u00f6konomische Klima \u2022 Kosten-Ertrags-Verh\u00e4ltnis auf 64,6 % stark verbessert<\/p>\n","protected":false},"author":4,"featured_media":0,"comment_status":"closed","ping_status":"open","sticky":false,"template":"","format":"standard","meta":{"_acf_changed":false,"footnotes":""},"categories":[1,4],"tags":[],"class_list":["post-6127","post","type-post","status-publish","format-standard","hentry","category-corporate-news","category-press-releases"],"acf":[],"yoast_head":"<!-- This site is optimized with the Yoast SEO plugin v27.5 - https:\/\/yoast.com\/product\/yoast-seo-wordpress\/ -->\n<title>ProCredit Gruppe schlie\u00dft Q1 2020 mit Portfoliowachstum und verbessertem Konzernergebnis ab - PCH (DE)<\/title>\n<meta name=\"robots\" content=\"index, follow, max-snippet:-1, max-image-preview:large, max-video-preview:-1\" \/>\n<link rel=\"canonical\" href=\"https:\/\/www.procredit-holding.com\/de\/2020\/05\/14\/procredit-gruppe-schliesst-q1-2020-mit-portfoliowachstum-und-verbessertem-konzernergebnis-ab\/\" \/>\n<meta property=\"og:locale\" content=\"en_US\" \/>\n<meta property=\"og:type\" content=\"article\" \/>\n<meta property=\"og:title\" content=\"ProCredit Gruppe schlie\u00dft Q1 2020 mit Portfoliowachstum und verbessertem Konzernergebnis ab - PCH (DE)\" \/>\n<meta property=\"og:description\" content=\"\u2022 Kundenkreditportfolio w\u00e4chst um 0,9 % \u2022 Konzernergebnis steigt gegen\u00fcber dem Vorjahr um 3,0 Mio. EUR auf 13,7 Mio. EUR, die Eigenkapitalrendite betr\u00e4gt 7,0 % \u2022 Risikokosten von 57 Basispunkten liegen im Rahmen der Erwartungen und reflektieren das verschlechterte makro-\u00f6konomische Klima \u2022 Kosten-Ertrags-Verh\u00e4ltnis auf 64,6 % stark verbessert\" \/>\n<meta property=\"og:url\" content=\"https:\/\/www.procredit-holding.com\/de\/2020\/05\/14\/procredit-gruppe-schliesst-q1-2020-mit-portfoliowachstum-und-verbessertem-konzernergebnis-ab\/\" \/>\n<meta property=\"og:site_name\" content=\"PCH (DE)\" \/>\n<meta property=\"article:published_time\" content=\"2020-05-14T05:10:53+00:00\" \/>\n<meta name=\"author\" content=\"Sanda Gvozdenovic\" \/>\n<meta name=\"twitter:card\" content=\"summary_large_image\" \/>\n<meta name=\"twitter:label1\" content=\"Written by\" \/>\n\t<meta name=\"twitter:data1\" content=\"Sanda Gvozdenovic\" \/>\n\t<meta name=\"twitter:label2\" content=\"Est. reading time\" \/>\n\t<meta name=\"twitter:data2\" content=\"6 minutes\" \/>\n<script type=\"application\/ld+json\" class=\"yoast-schema-graph\">{\"@context\":\"https:\\\/\\\/schema.org\",\"@graph\":[{\"@type\":\"Article\",\"@id\":\"https:\\\/\\\/www.procredit-holding.com\\\/de\\\/2020\\\/05\\\/14\\\/procredit-gruppe-schliesst-q1-2020-mit-portfoliowachstum-und-verbessertem-konzernergebnis-ab\\\/#article\",\"isPartOf\":{\"@id\":\"https:\\\/\\\/www.procredit-holding.com\\\/de\\\/2020\\\/05\\\/14\\\/procredit-gruppe-schliesst-q1-2020-mit-portfoliowachstum-und-verbessertem-konzernergebnis-ab\\\/\"},\"author\":{\"name\":\"Sanda Gvozdenovic\",\"@id\":\"https:\\\/\\\/www.procredit-holding.com\\\/de\\\/#\\\/schema\\\/person\\\/9effcdf0f448e0c4f2c7a7814b6173ab\"},\"headline\":\"ProCredit Gruppe schlie\u00dft Q1 2020 mit Portfoliowachstum und verbessertem Konzernergebnis ab\",\"datePublished\":\"2020-05-14T05:10:53+00:00\",\"mainEntityOfPage\":{\"@id\":\"https:\\\/\\\/www.procredit-holding.com\\\/de\\\/2020\\\/05\\\/14\\\/procredit-gruppe-schliesst-q1-2020-mit-portfoliowachstum-und-verbessertem-konzernergebnis-ab\\\/\"},\"wordCount\":1141,\"publisher\":{\"@id\":\"https:\\\/\\\/www.procredit-holding.com\\\/de\\\/#organization\"},\"articleSection\":[\"Corporate News\",\"Pressemitteilungen\"],\"inLanguage\":\"en-US\"},{\"@type\":\"WebPage\",\"@id\":\"https:\\\/\\\/www.procredit-holding.com\\\/de\\\/2020\\\/05\\\/14\\\/procredit-gruppe-schliesst-q1-2020-mit-portfoliowachstum-und-verbessertem-konzernergebnis-ab\\\/\",\"url\":\"https:\\\/\\\/www.procredit-holding.com\\\/de\\\/2020\\\/05\\\/14\\\/procredit-gruppe-schliesst-q1-2020-mit-portfoliowachstum-und-verbessertem-konzernergebnis-ab\\\/\",\"name\":\"ProCredit Gruppe schlie\u00dft Q1 2020 mit Portfoliowachstum und verbessertem Konzernergebnis ab - PCH (DE)\",\"isPartOf\":{\"@id\":\"https:\\\/\\\/www.procredit-holding.com\\\/de\\\/#website\"},\"datePublished\":\"2020-05-14T05:10:53+00:00\",\"breadcrumb\":{\"@id\":\"https:\\\/\\\/www.procredit-holding.com\\\/de\\\/2020\\\/05\\\/14\\\/procredit-gruppe-schliesst-q1-2020-mit-portfoliowachstum-und-verbessertem-konzernergebnis-ab\\\/#breadcrumb\"},\"inLanguage\":\"en-US\",\"potentialAction\":[{\"@type\":\"ReadAction\",\"target\":[\"https:\\\/\\\/www.procredit-holding.com\\\/de\\\/2020\\\/05\\\/14\\\/procredit-gruppe-schliesst-q1-2020-mit-portfoliowachstum-und-verbessertem-konzernergebnis-ab\\\/\"]}]},{\"@type\":\"BreadcrumbList\",\"@id\":\"https:\\\/\\\/www.procredit-holding.com\\\/de\\\/2020\\\/05\\\/14\\\/procredit-gruppe-schliesst-q1-2020-mit-portfoliowachstum-und-verbessertem-konzernergebnis-ab\\\/#breadcrumb\",\"itemListElement\":[{\"@type\":\"ListItem\",\"position\":1,\"name\":\"Home\",\"item\":\"https:\\\/\\\/www.procredit-holding.com\\\/de\\\/\"},{\"@type\":\"ListItem\",\"position\":2,\"name\":\"ProCredit Gruppe schlie\u00dft Q1 2020 mit Portfoliowachstum und verbessertem Konzernergebnis ab\"}]},{\"@type\":\"WebSite\",\"@id\":\"https:\\\/\\\/www.procredit-holding.com\\\/de\\\/#website\",\"url\":\"https:\\\/\\\/www.procredit-holding.com\\\/de\\\/\",\"name\":\"ProCredit Holding (de)\",\"description\":\"An international development-oriented commercial banking group\",\"publisher\":{\"@id\":\"https:\\\/\\\/www.procredit-holding.com\\\/de\\\/#organization\"},\"potentialAction\":[{\"@type\":\"SearchAction\",\"target\":{\"@type\":\"EntryPoint\",\"urlTemplate\":\"https:\\\/\\\/www.procredit-holding.com\\\/de\\\/?s={search_term_string}\"},\"query-input\":{\"@type\":\"PropertyValueSpecification\",\"valueRequired\":true,\"valueName\":\"search_term_string\"}}],\"inLanguage\":\"en-US\"},{\"@type\":\"Organization\",\"@id\":\"https:\\\/\\\/www.procredit-holding.com\\\/de\\\/#organization\",\"name\":\"ProCredit Holding AG\",\"url\":\"https:\\\/\\\/www.procredit-holding.com\\\/de\\\/\",\"logo\":{\"@type\":\"ImageObject\",\"inLanguage\":\"en-US\",\"@id\":\"https:\\\/\\\/www.procredit-holding.com\\\/de\\\/#\\\/schema\\\/logo\\\/image\\\/\",\"url\":\"https:\\\/\\\/www.procredit-holding.com\\\/de\\\/wp-content\\\/uploads\\\/sites\\\/2\\\/2017\\\/05\\\/logo-pch.png\",\"contentUrl\":\"https:\\\/\\\/www.procredit-holding.com\\\/de\\\/wp-content\\\/uploads\\\/sites\\\/2\\\/2017\\\/05\\\/logo-pch.png\",\"width\":265,\"height\":90,\"caption\":\"ProCredit Holding AG\"},\"image\":{\"@id\":\"https:\\\/\\\/www.procredit-holding.com\\\/de\\\/#\\\/schema\\\/logo\\\/image\\\/\"},\"sameAs\":[\"https:\\\/\\\/www.linkedin.com\\\/company\\\/procredit-holding\"]},{\"@type\":\"Person\",\"@id\":\"https:\\\/\\\/www.procredit-holding.com\\\/de\\\/#\\\/schema\\\/person\\\/9effcdf0f448e0c4f2c7a7814b6173ab\",\"name\":\"Sanda Gvozdenovic\",\"image\":{\"@type\":\"ImageObject\",\"inLanguage\":\"en-US\",\"@id\":\"https:\\\/\\\/secure.gravatar.com\\\/avatar\\\/53db8b5e1f19e3c9d02cd415ca3e498e0a77551b33c500c026f04ea17a0d1a63?s=96&d=mm&r=g\",\"url\":\"https:\\\/\\\/secure.gravatar.com\\\/avatar\\\/53db8b5e1f19e3c9d02cd415ca3e498e0a77551b33c500c026f04ea17a0d1a63?s=96&d=mm&r=g\",\"contentUrl\":\"https:\\\/\\\/secure.gravatar.com\\\/avatar\\\/53db8b5e1f19e3c9d02cd415ca3e498e0a77551b33c500c026f04ea17a0d1a63?s=96&d=mm&r=g\",\"caption\":\"Sanda Gvozdenovic\"},\"sameAs\":[\"https:\\\/\\\/www.procredit-holding.com\\\/\"],\"url\":\"https:\\\/\\\/www.procredit-holding.com\\\/de\\\/author\\\/sgvozdenovic\\\/\"}]}<\/script>\n<!-- \/ Yoast SEO plugin. -->","yoast_head_json":{"title":"ProCredit Gruppe schlie\u00dft Q1 2020 mit Portfoliowachstum und verbessertem Konzernergebnis ab - PCH (DE)","robots":{"index":"index","follow":"follow","max-snippet":"max-snippet:-1","max-image-preview":"max-image-preview:large","max-video-preview":"max-video-preview:-1"},"canonical":"https:\/\/www.procredit-holding.com\/de\/2020\/05\/14\/procredit-gruppe-schliesst-q1-2020-mit-portfoliowachstum-und-verbessertem-konzernergebnis-ab\/","og_locale":"en_US","og_type":"article","og_title":"ProCredit Gruppe schlie\u00dft Q1 2020 mit Portfoliowachstum und verbessertem Konzernergebnis ab - PCH (DE)","og_description":"\u2022 Kundenkreditportfolio w\u00e4chst um 0,9 % \u2022 Konzernergebnis steigt gegen\u00fcber dem Vorjahr um 3,0 Mio. EUR auf 13,7 Mio. EUR, die Eigenkapitalrendite betr\u00e4gt 7,0 % \u2022 Risikokosten von 57 Basispunkten liegen im Rahmen der Erwartungen und reflektieren das verschlechterte makro-\u00f6konomische Klima \u2022 Kosten-Ertrags-Verh\u00e4ltnis auf 64,6 % stark verbessert","og_url":"https:\/\/www.procredit-holding.com\/de\/2020\/05\/14\/procredit-gruppe-schliesst-q1-2020-mit-portfoliowachstum-und-verbessertem-konzernergebnis-ab\/","og_site_name":"PCH (DE)","article_published_time":"2020-05-14T05:10:53+00:00","author":"Sanda Gvozdenovic","twitter_card":"summary_large_image","twitter_misc":{"Written by":"Sanda Gvozdenovic","Est. reading time":"6 minutes"},"schema":{"@context":"https:\/\/schema.org","@graph":[{"@type":"Article","@id":"https:\/\/www.procredit-holding.com\/de\/2020\/05\/14\/procredit-gruppe-schliesst-q1-2020-mit-portfoliowachstum-und-verbessertem-konzernergebnis-ab\/#article","isPartOf":{"@id":"https:\/\/www.procredit-holding.com\/de\/2020\/05\/14\/procredit-gruppe-schliesst-q1-2020-mit-portfoliowachstum-und-verbessertem-konzernergebnis-ab\/"},"author":{"name":"Sanda Gvozdenovic","@id":"https:\/\/www.procredit-holding.com\/de\/#\/schema\/person\/9effcdf0f448e0c4f2c7a7814b6173ab"},"headline":"ProCredit Gruppe schlie\u00dft Q1 2020 mit Portfoliowachstum und verbessertem Konzernergebnis ab","datePublished":"2020-05-14T05:10:53+00:00","mainEntityOfPage":{"@id":"https:\/\/www.procredit-holding.com\/de\/2020\/05\/14\/procredit-gruppe-schliesst-q1-2020-mit-portfoliowachstum-und-verbessertem-konzernergebnis-ab\/"},"wordCount":1141,"publisher":{"@id":"https:\/\/www.procredit-holding.com\/de\/#organization"},"articleSection":["Corporate News","Pressemitteilungen"],"inLanguage":"en-US"},{"@type":"WebPage","@id":"https:\/\/www.procredit-holding.com\/de\/2020\/05\/14\/procredit-gruppe-schliesst-q1-2020-mit-portfoliowachstum-und-verbessertem-konzernergebnis-ab\/","url":"https:\/\/www.procredit-holding.com\/de\/2020\/05\/14\/procredit-gruppe-schliesst-q1-2020-mit-portfoliowachstum-und-verbessertem-konzernergebnis-ab\/","name":"ProCredit Gruppe schlie\u00dft Q1 2020 mit Portfoliowachstum und verbessertem Konzernergebnis ab - PCH (DE)","isPartOf":{"@id":"https:\/\/www.procredit-holding.com\/de\/#website"},"datePublished":"2020-05-14T05:10:53+00:00","breadcrumb":{"@id":"https:\/\/www.procredit-holding.com\/de\/2020\/05\/14\/procredit-gruppe-schliesst-q1-2020-mit-portfoliowachstum-und-verbessertem-konzernergebnis-ab\/#breadcrumb"},"inLanguage":"en-US","potentialAction":[{"@type":"ReadAction","target":["https:\/\/www.procredit-holding.com\/de\/2020\/05\/14\/procredit-gruppe-schliesst-q1-2020-mit-portfoliowachstum-und-verbessertem-konzernergebnis-ab\/"]}]},{"@type":"BreadcrumbList","@id":"https:\/\/www.procredit-holding.com\/de\/2020\/05\/14\/procredit-gruppe-schliesst-q1-2020-mit-portfoliowachstum-und-verbessertem-konzernergebnis-ab\/#breadcrumb","itemListElement":[{"@type":"ListItem","position":1,"name":"Home","item":"https:\/\/www.procredit-holding.com\/de\/"},{"@type":"ListItem","position":2,"name":"ProCredit Gruppe schlie\u00dft Q1 2020 mit Portfoliowachstum und verbessertem Konzernergebnis ab"}]},{"@type":"WebSite","@id":"https:\/\/www.procredit-holding.com\/de\/#website","url":"https:\/\/www.procredit-holding.com\/de\/","name":"ProCredit Holding (de)","description":"An international development-oriented commercial banking group","publisher":{"@id":"https:\/\/www.procredit-holding.com\/de\/#organization"},"potentialAction":[{"@type":"SearchAction","target":{"@type":"EntryPoint","urlTemplate":"https:\/\/www.procredit-holding.com\/de\/?s={search_term_string}"},"query-input":{"@type":"PropertyValueSpecification","valueRequired":true,"valueName":"search_term_string"}}],"inLanguage":"en-US"},{"@type":"Organization","@id":"https:\/\/www.procredit-holding.com\/de\/#organization","name":"ProCredit Holding AG","url":"https:\/\/www.procredit-holding.com\/de\/","logo":{"@type":"ImageObject","inLanguage":"en-US","@id":"https:\/\/www.procredit-holding.com\/de\/#\/schema\/logo\/image\/","url":"https:\/\/www.procredit-holding.com\/de\/wp-content\/uploads\/sites\/2\/2017\/05\/logo-pch.png","contentUrl":"https:\/\/www.procredit-holding.com\/de\/wp-content\/uploads\/sites\/2\/2017\/05\/logo-pch.png","width":265,"height":90,"caption":"ProCredit Holding AG"},"image":{"@id":"https:\/\/www.procredit-holding.com\/de\/#\/schema\/logo\/image\/"},"sameAs":["https:\/\/www.linkedin.com\/company\/procredit-holding"]},{"@type":"Person","@id":"https:\/\/www.procredit-holding.com\/de\/#\/schema\/person\/9effcdf0f448e0c4f2c7a7814b6173ab","name":"Sanda Gvozdenovic","image":{"@type":"ImageObject","inLanguage":"en-US","@id":"https:\/\/secure.gravatar.com\/avatar\/53db8b5e1f19e3c9d02cd415ca3e498e0a77551b33c500c026f04ea17a0d1a63?s=96&d=mm&r=g","url":"https:\/\/secure.gravatar.com\/avatar\/53db8b5e1f19e3c9d02cd415ca3e498e0a77551b33c500c026f04ea17a0d1a63?s=96&d=mm&r=g","contentUrl":"https:\/\/secure.gravatar.com\/avatar\/53db8b5e1f19e3c9d02cd415ca3e498e0a77551b33c500c026f04ea17a0d1a63?s=96&d=mm&r=g","caption":"Sanda Gvozdenovic"},"sameAs":["https:\/\/www.procredit-holding.com\/"],"url":"https:\/\/www.procredit-holding.com\/de\/author\/sgvozdenovic\/"}]}},"_links":{"self":[{"href":"https:\/\/www.procredit-holding.com\/de\/wp-json\/wp\/v2\/posts\/6127","targetHints":{"allow":["GET"]}}],"collection":[{"href":"https:\/\/www.procredit-holding.com\/de\/wp-json\/wp\/v2\/posts"}],"about":[{"href":"https:\/\/www.procredit-holding.com\/de\/wp-json\/wp\/v2\/types\/post"}],"author":[{"embeddable":true,"href":"https:\/\/www.procredit-holding.com\/de\/wp-json\/wp\/v2\/users\/4"}],"replies":[{"embeddable":true,"href":"https:\/\/www.procredit-holding.com\/de\/wp-json\/wp\/v2\/comments?post=6127"}],"version-history":[{"count":2,"href":"https:\/\/www.procredit-holding.com\/de\/wp-json\/wp\/v2\/posts\/6127\/revisions"}],"predecessor-version":[{"id":6129,"href":"https:\/\/www.procredit-holding.com\/de\/wp-json\/wp\/v2\/posts\/6127\/revisions\/6129"}],"wp:attachment":[{"href":"https:\/\/www.procredit-holding.com\/de\/wp-json\/wp\/v2\/media?parent=6127"}],"wp:term":[{"taxonomy":"category","embeddable":true,"href":"https:\/\/www.procredit-holding.com\/de\/wp-json\/wp\/v2\/categories?post=6127"},{"taxonomy":"post_tag","embeddable":true,"href":"https:\/\/www.procredit-holding.com\/de\/wp-json\/wp\/v2\/tags?post=6127"}],"curies":[{"name":"wp","href":"https:\/\/api.w.org\/{rel}","templated":true}]}}