{"id":6237,"date":"2020-07-13T07:04:15","date_gmt":"2020-07-13T05:04:15","guid":{"rendered":"https:\/\/pchtest.procredit-holding.com\/de\/?p=6237"},"modified":"2020-07-13T07:04:15","modified_gmt":"2020-07-13T05:04:15","slug":"international-finance-corporation-und-procredit-vertiefen-kooperation-um-kmu-in-neun-schwellenlaendern-in-der-corona-krise-zu-unterstuetzen","status":"publish","type":"post","link":"https:\/\/www.procredit-holding.com\/de\/2020\/07\/13\/international-finance-corporation-und-procredit-vertiefen-kooperation-um-kmu-in-neun-schwellenlaendern-in-der-corona-krise-zu-unterstuetzen\/","title":{"rendered":"International Finance Corporation und ProCredit vertiefen Kooperation, um KMU in neun Schwellenl\u00e4ndern in der Corona-Krise zu unterst\u00fctzen"},"content":{"rendered":"<p>\u2022 IFC stellt \u00fcber die ProCredit Gruppe 100 Mio. USD f\u00fcr KMU bereit<br \/>\n\u2022 Ziell\u00e4nder sind Albanien, Bosnien und Herzegowina, Ecuador, Kosovo, Moldawien, Nordmazedonien, Rum\u00e4nien, Serbien und die Ukraine<br \/>\n\u2022 Finanzmittel sollen KMU kurzfristig Zugang zu weiteren Betriebsmitteln erm\u00f6glichen<!--more--><\/p>\n<p><strong>Die zur Weltbankgruppe geh\u00f6rende International Finance Corporation (IFC) und die ProCredit Holding AG &amp; Co. KGaA (ProCredit Holding; ProCredit) stellen gezielt kleinen und mittleren Unternehmen (KMU) Finanzmittel zur Verf\u00fcgung, damit diese Unternehmen COVID-19-bedingte Liquidit\u00e4tsengp\u00e4sse \u00fcberbr\u00fccken und m\u00f6gliche Chancen der Krise nutzen k\u00f6nnen. Die IFC vergibt zu diesem Zweck ein Darlehen von 100 Mio. USD an die ProCredit Holding. Das Darlehen wird im Rahmen des \u201eWorking Capital Solutions (WCS)-Programms\u201c der IFC vergeben.<\/strong><\/p>\n<p>Die Finanzmittel werden qualifizierten KMU \u00fcber neun der insgesamt zw\u00f6lf ProCredit Banken kurzfristig zug\u00e4nglich sein. Diese sind die ProCredit Banken in Albanien, Bosnien und Herzegowina, Ecuador, Kosovo, Moldawien, Nordmazedonien, Rum\u00e4nien, Serbien und Ukraine.<\/p>\n<p>Der Vorstand der ProCredit Holding ist der festen \u00dcberzeugung, dass die ProCredit Banken gut aufgestellt sind, um in ihren jeweiligen L\u00e4ndern eine wichtige und positive Rolle bei der Unterst\u00fctzung kleiner und mittlerer Unternehmen zu spielen. Aus seiner Sicht wird gerade nach der COVID-19 Pandemie ein robuster KMU-Sektor f\u00fcr die makro\u00f6konomische Erholung der L\u00e4nder, in denen die ProCredit Banken t\u00e4tig sind, von zentraler Bedeutung sein. Der Vorstand ist zuversichtlich, dass die von ProCredits langj\u00e4hrigem Partner IFC bereitgestellten Mittel gut positionierten KMU eine Weiterentwicklung und neue Gesch\u00e4ftschancen erm\u00f6glichen.<\/p>\n<p>\u201eDas Finanzierungspaket ist so konzipiert, dass es gezielt die KMU unterst\u00fctzt, deren Cash-Flow von der Pandemie beeintr\u00e4chtigt wurde.\u201c sagte Vittorio Di Bello, Regional Head of Industry for Financial Institutions in Europe and Central Asia bei der IFC. \u201eProCredits Fokussierung auf KMU und gro\u00dfe geografische Reichweite werden wesentlich dazu beitragen, diesen Unternehmen, die meist damit nicht gut versorgt sind und die hohen Bedarf haben, den Zugang zu Finanzmitteln zu erleichtern.\u201c<\/p>\n<p>Die IFC ist Aktion\u00e4r der ProCredit Holding und investierte im Jahr 2019 90 Mio. USD in den ersten von der ProCredit Holding begebenen Green Bond.<\/p>\n<p><strong>Kontakt:<\/strong> <br \/>\nAndrea Kaufmann, Group Communications, ProCredit Holding, Tel.: +49 69 95 14 37 138, <br \/>\nE-Mail: <a href=\"mailto:Andrea.Kaufmann@procredit-group.com\">Andrea.Kaufmann@procredit-group.com<\/a><\/p>\n<p>Jennifer Bisping, IFC Wien, Tel.: +43 1 21 70 588, E-Mail: <a href=\"mailto:jbisping@ifc.org\">jbisping@ifc.org<\/a><\/p>\n<p><strong>\u00dcber die Internationa<\/strong><span style=\"font-size: 1.6rem\"><strong>l Finance Corporation (IFC)<\/strong><br \/>\n<\/span><span style=\"font-size: 1.6rem\">Die IFC \u2013 eine Schwesterorganisation der Weltbank und Mitglied der Weltbankgruppe \u2013 ist die gr\u00f6\u00dfte globale Entwicklungsinstitution und konzentriert sich auf den privaten Sektor in Schwellenl\u00e4ndern. Wir sind in mehr als 100 L\u00e4ndern aktiv und setzen dabei unser Kapital, unser Fachwissen und unseren Einfluss ein, um in Entwicklungsl\u00e4ndern M\u00e4rkte und Chancen zu schaffen. Im Gesch\u00e4ftsjahr 2019 investierten wir mehr als 19 Mrd. USD in Privatunternehmen und Finanzinstitutionen in Entwicklungsl\u00e4ndern und nutzten die Kraft des Privatsektors, um extreme Armut zu beenden und gemeinsamen Wohlstand zu f\u00f6rdern. Weitere Informationen finden Sie unter <a href=\"http:\/\/www.ifc.org\">www.ifc.org<\/a>.<\/span><\/p>\n<p><strong>\u00dcber die ProCredit Holding AG &amp; Co. KGaA<\/strong><br \/>\nDie ProCredit Holding AG &amp; Co. KGaA mit Sitz in Frankfurt am Main, Deutschland, ist die Muttergesellschaft der entwicklungsorientierten ProCredit Gruppe, die aus Gesch\u00e4ftsbanken f\u00fcr kleine und mittlere Unternehmen (KMU) mit operativem Fokus auf S\u00fcdost- und Osteuropa besteht. Zus\u00e4tzlich zu diesem regionalen Schwerpunkt ist die ProCredit Gruppe auch in S\u00fcdamerika und in Deutschland t\u00e4tig. Die Aktien des Unternehmens werden im Prime Standard der Frankfurter Wertpapierb\u00f6rse gehandelt. Zu den Ankeraktion\u00e4ren der ProCredit Holding AG &amp; Co. KGaA geh\u00f6ren die strategischen Investoren Zeitinger Invest und ProCredit Staff Invest (die Investment-Vehikel f\u00fcr ProCredit Mitarbeiter umfasst), die niederl\u00e4ndische DOEN Participaties BV, die KfW und die IFC (Weltbankgruppe). Die ProCredit Holding AG &amp; Co. KGaA unterliegt als \u00fcbergeordnetes Unternehmen im Sinne des Kreditwesengesetzes der Bundesrepublik Deutschland auf Konzernebene der Aufsicht durch die Bundesanstalt f\u00fcr Finanzdienstleistungsaufsicht (BaFin) und die Deutsche Bundesbank. Weiterf\u00fchrende Informationen erhalten Sie im Internet auf der Webseite <a href=\"https:\/\/www.procredit-holding.com\">www.procredit-holding.com<\/a>.<\/p>\n<p><strong>Zukunftsgerichtete Aussagen<\/strong> <br \/>\nDiese Mitteilung enth\u00e4lt Aussagen, die sich auf unseren k\u00fcnftigen Gesch\u00e4ftsverlauf und k\u00fcnftige finanzielle Leistungsparameter sowie auf k\u00fcnftige die ProCredit Holding oder die ProCredit Banken betreffende Vorg\u00e4nge oder Entwicklungen beziehen und zukunftsgerichtete Aussagen darstellen k\u00f6nnen. Solche Aussagen beruhen auf den gegenw\u00e4rtigen Erwartungen und bestimmten Annahmen des Managements der ProCredit Holding, von denen zahlreiche au\u00dferhalb des Einflussbereichs der ProCredit Holding oder der ProCredit Banken liegen. Sie unterliegen daher einer Vielzahl von Risiken, Ungewissheiten und Faktoren. Sollten sich eines oder mehrere dieser Risiken oder Ungewissheiten realisieren oder sollte es sich erweisen, dass die zugrunde liegenden Erwartungen nicht eintreten beziehungsweise Annahmen nicht korrekt waren, k\u00f6nnen die tats\u00e4chlichen Ergebnisse, Leistungen und Erfolge der ProCredit Holding oder der ProCredit Banken (sowohl negativ als auch positiv) wesentlich von denjenigen Ergebnissen abweichen, die ausdr\u00fccklich oder implizit in der zukunftsgerichteten Aussage genannt worden sind. Die ProCredit Holding oder die ProCredit Banken \u00fcbernehmen keine Verpflichtung und beabsichtigen auch nicht, diese zukunftsgerichteten Aussagen zu aktualisieren oder bei einer anderen als der erwarteten Entwicklung zu korrigieren.<\/p>\n","protected":false},"excerpt":{"rendered":"<p>\u2022 IFC stellt \u00fcber die ProCredit Gruppe 100 Mio. USD f\u00fcr KMU bereit \u2022 Ziell\u00e4nder sind Albanien, Bosnien und Herzegowina, Ecuador, Kosovo, Moldawien, Nordmazedonien, Rum\u00e4nien, Serbien und die Ukraine \u2022 Finanzmittel sollen KMU kurzfristig Zugang zu weiteren Betriebsmitteln erm\u00f6glichen<\/p>\n","protected":false},"author":14,"featured_media":0,"comment_status":"closed","ping_status":"open","sticky":false,"template":"","format":"standard","meta":{"_acf_changed":false,"footnotes":""},"categories":[1,4],"tags":[],"class_list":["post-6237","post","type-post","status-publish","format-standard","hentry","category-corporate-news","category-press-releases"],"acf":[],"yoast_head":"<!-- This site is optimized with the Yoast SEO plugin v27.5 - https:\/\/yoast.com\/product\/yoast-seo-wordpress\/ -->\n<title>International Finance Corporation und ProCredit vertiefen Kooperation, um KMU in neun Schwellenl\u00e4ndern in der Corona-Krise zu unterst\u00fctzen - PCH (DE)<\/title>\n<meta name=\"robots\" content=\"index, follow, max-snippet:-1, max-image-preview:large, max-video-preview:-1\" \/>\n<link rel=\"canonical\" href=\"https:\/\/www.procredit-holding.com\/de\/2020\/07\/13\/international-finance-corporation-und-procredit-vertiefen-kooperation-um-kmu-in-neun-schwellenlaendern-in-der-corona-krise-zu-unterstuetzen\/\" \/>\n<meta property=\"og:locale\" content=\"en_US\" \/>\n<meta property=\"og:type\" content=\"article\" \/>\n<meta property=\"og:title\" content=\"International Finance Corporation und ProCredit vertiefen Kooperation, um KMU in neun Schwellenl\u00e4ndern in der Corona-Krise zu unterst\u00fctzen - PCH (DE)\" \/>\n<meta property=\"og:description\" content=\"\u2022 IFC stellt \u00fcber die ProCredit Gruppe 100 Mio. USD f\u00fcr KMU bereit \u2022 Ziell\u00e4nder sind Albanien, Bosnien und Herzegowina, Ecuador, Kosovo, Moldawien, Nordmazedonien, Rum\u00e4nien, Serbien und die Ukraine \u2022 Finanzmittel sollen KMU kurzfristig Zugang zu weiteren Betriebsmitteln erm\u00f6glichen\" \/>\n<meta property=\"og:url\" content=\"https:\/\/www.procredit-holding.com\/de\/2020\/07\/13\/international-finance-corporation-und-procredit-vertiefen-kooperation-um-kmu-in-neun-schwellenlaendern-in-der-corona-krise-zu-unterstuetzen\/\" \/>\n<meta property=\"og:site_name\" content=\"PCH (DE)\" \/>\n<meta property=\"article:published_time\" content=\"2020-07-13T05:04:15+00:00\" \/>\n<meta name=\"author\" content=\"lbosch\" \/>\n<meta name=\"twitter:card\" content=\"summary_large_image\" \/>\n<meta name=\"twitter:label1\" content=\"Written by\" \/>\n\t<meta name=\"twitter:data1\" content=\"lbosch\" \/>\n\t<meta name=\"twitter:label2\" content=\"Est. reading time\" \/>\n\t<meta name=\"twitter:data2\" content=\"4 minutes\" \/>\n<script type=\"application\/ld+json\" class=\"yoast-schema-graph\">{\"@context\":\"https:\\\/\\\/schema.org\",\"@graph\":[{\"@type\":\"Article\",\"@id\":\"https:\\\/\\\/www.procredit-holding.com\\\/de\\\/2020\\\/07\\\/13\\\/international-finance-corporation-und-procredit-vertiefen-kooperation-um-kmu-in-neun-schwellenlaendern-in-der-corona-krise-zu-unterstuetzen\\\/#article\",\"isPartOf\":{\"@id\":\"https:\\\/\\\/www.procredit-holding.com\\\/de\\\/2020\\\/07\\\/13\\\/international-finance-corporation-und-procredit-vertiefen-kooperation-um-kmu-in-neun-schwellenlaendern-in-der-corona-krise-zu-unterstuetzen\\\/\"},\"author\":{\"name\":\"lbosch\",\"@id\":\"https:\\\/\\\/www.procredit-holding.com\\\/de\\\/#\\\/schema\\\/person\\\/dcaccfbe577d1f3532c2d1b51d420ed8\"},\"headline\":\"International Finance Corporation und ProCredit vertiefen Kooperation, um KMU in neun Schwellenl\u00e4ndern in der Corona-Krise zu unterst\u00fctzen\",\"datePublished\":\"2020-07-13T05:04:15+00:00\",\"mainEntityOfPage\":{\"@id\":\"https:\\\/\\\/www.procredit-holding.com\\\/de\\\/2020\\\/07\\\/13\\\/international-finance-corporation-und-procredit-vertiefen-kooperation-um-kmu-in-neun-schwellenlaendern-in-der-corona-krise-zu-unterstuetzen\\\/\"},\"wordCount\":835,\"publisher\":{\"@id\":\"https:\\\/\\\/www.procredit-holding.com\\\/de\\\/#organization\"},\"articleSection\":[\"Corporate News\",\"Pressemitteilungen\"],\"inLanguage\":\"en-US\"},{\"@type\":\"WebPage\",\"@id\":\"https:\\\/\\\/www.procredit-holding.com\\\/de\\\/2020\\\/07\\\/13\\\/international-finance-corporation-und-procredit-vertiefen-kooperation-um-kmu-in-neun-schwellenlaendern-in-der-corona-krise-zu-unterstuetzen\\\/\",\"url\":\"https:\\\/\\\/www.procredit-holding.com\\\/de\\\/2020\\\/07\\\/13\\\/international-finance-corporation-und-procredit-vertiefen-kooperation-um-kmu-in-neun-schwellenlaendern-in-der-corona-krise-zu-unterstuetzen\\\/\",\"name\":\"International Finance Corporation und ProCredit vertiefen Kooperation, um KMU in neun Schwellenl\u00e4ndern in der Corona-Krise zu unterst\u00fctzen - PCH (DE)\",\"isPartOf\":{\"@id\":\"https:\\\/\\\/www.procredit-holding.com\\\/de\\\/#website\"},\"datePublished\":\"2020-07-13T05:04:15+00:00\",\"breadcrumb\":{\"@id\":\"https:\\\/\\\/www.procredit-holding.com\\\/de\\\/2020\\\/07\\\/13\\\/international-finance-corporation-und-procredit-vertiefen-kooperation-um-kmu-in-neun-schwellenlaendern-in-der-corona-krise-zu-unterstuetzen\\\/#breadcrumb\"},\"inLanguage\":\"en-US\",\"potentialAction\":[{\"@type\":\"ReadAction\",\"target\":[\"https:\\\/\\\/www.procredit-holding.com\\\/de\\\/2020\\\/07\\\/13\\\/international-finance-corporation-und-procredit-vertiefen-kooperation-um-kmu-in-neun-schwellenlaendern-in-der-corona-krise-zu-unterstuetzen\\\/\"]}]},{\"@type\":\"BreadcrumbList\",\"@id\":\"https:\\\/\\\/www.procredit-holding.com\\\/de\\\/2020\\\/07\\\/13\\\/international-finance-corporation-und-procredit-vertiefen-kooperation-um-kmu-in-neun-schwellenlaendern-in-der-corona-krise-zu-unterstuetzen\\\/#breadcrumb\",\"itemListElement\":[{\"@type\":\"ListItem\",\"position\":1,\"name\":\"Home\",\"item\":\"https:\\\/\\\/www.procredit-holding.com\\\/de\\\/\"},{\"@type\":\"ListItem\",\"position\":2,\"name\":\"International Finance Corporation und ProCredit vertiefen Kooperation, um KMU in neun Schwellenl\u00e4ndern in der Corona-Krise zu unterst\u00fctzen\"}]},{\"@type\":\"WebSite\",\"@id\":\"https:\\\/\\\/www.procredit-holding.com\\\/de\\\/#website\",\"url\":\"https:\\\/\\\/www.procredit-holding.com\\\/de\\\/\",\"name\":\"ProCredit Holding (de)\",\"description\":\"An international development-oriented commercial banking group\",\"publisher\":{\"@id\":\"https:\\\/\\\/www.procredit-holding.com\\\/de\\\/#organization\"},\"potentialAction\":[{\"@type\":\"SearchAction\",\"target\":{\"@type\":\"EntryPoint\",\"urlTemplate\":\"https:\\\/\\\/www.procredit-holding.com\\\/de\\\/?s={search_term_string}\"},\"query-input\":{\"@type\":\"PropertyValueSpecification\",\"valueRequired\":true,\"valueName\":\"search_term_string\"}}],\"inLanguage\":\"en-US\"},{\"@type\":\"Organization\",\"@id\":\"https:\\\/\\\/www.procredit-holding.com\\\/de\\\/#organization\",\"name\":\"ProCredit Holding AG\",\"url\":\"https:\\\/\\\/www.procredit-holding.com\\\/de\\\/\",\"logo\":{\"@type\":\"ImageObject\",\"inLanguage\":\"en-US\",\"@id\":\"https:\\\/\\\/www.procredit-holding.com\\\/de\\\/#\\\/schema\\\/logo\\\/image\\\/\",\"url\":\"https:\\\/\\\/www.procredit-holding.com\\\/de\\\/wp-content\\\/uploads\\\/sites\\\/2\\\/2017\\\/05\\\/logo-pch.png\",\"contentUrl\":\"https:\\\/\\\/www.procredit-holding.com\\\/de\\\/wp-content\\\/uploads\\\/sites\\\/2\\\/2017\\\/05\\\/logo-pch.png\",\"width\":265,\"height\":90,\"caption\":\"ProCredit Holding AG\"},\"image\":{\"@id\":\"https:\\\/\\\/www.procredit-holding.com\\\/de\\\/#\\\/schema\\\/logo\\\/image\\\/\"},\"sameAs\":[\"https:\\\/\\\/www.linkedin.com\\\/company\\\/procredit-holding\"]},{\"@type\":\"Person\",\"@id\":\"https:\\\/\\\/www.procredit-holding.com\\\/de\\\/#\\\/schema\\\/person\\\/dcaccfbe577d1f3532c2d1b51d420ed8\",\"name\":\"lbosch\",\"image\":{\"@type\":\"ImageObject\",\"inLanguage\":\"en-US\",\"@id\":\"https:\\\/\\\/secure.gravatar.com\\\/avatar\\\/b5b57c34b7123fd22e5d9ccc1951afa98450ce725a5a1cae099abdd9748620d9?s=96&d=mm&r=g\",\"url\":\"https:\\\/\\\/secure.gravatar.com\\\/avatar\\\/b5b57c34b7123fd22e5d9ccc1951afa98450ce725a5a1cae099abdd9748620d9?s=96&d=mm&r=g\",\"contentUrl\":\"https:\\\/\\\/secure.gravatar.com\\\/avatar\\\/b5b57c34b7123fd22e5d9ccc1951afa98450ce725a5a1cae099abdd9748620d9?s=96&d=mm&r=g\",\"caption\":\"lbosch\"},\"url\":\"https:\\\/\\\/www.procredit-holding.com\\\/de\\\/author\\\/lbosch\\\/\"}]}<\/script>\n<!-- \/ Yoast SEO plugin. -->","yoast_head_json":{"title":"International Finance Corporation und ProCredit vertiefen Kooperation, um KMU in neun Schwellenl\u00e4ndern in der Corona-Krise zu unterst\u00fctzen - PCH (DE)","robots":{"index":"index","follow":"follow","max-snippet":"max-snippet:-1","max-image-preview":"max-image-preview:large","max-video-preview":"max-video-preview:-1"},"canonical":"https:\/\/www.procredit-holding.com\/de\/2020\/07\/13\/international-finance-corporation-und-procredit-vertiefen-kooperation-um-kmu-in-neun-schwellenlaendern-in-der-corona-krise-zu-unterstuetzen\/","og_locale":"en_US","og_type":"article","og_title":"International Finance Corporation und ProCredit vertiefen Kooperation, um KMU in neun Schwellenl\u00e4ndern in der Corona-Krise zu unterst\u00fctzen - PCH (DE)","og_description":"\u2022 IFC stellt \u00fcber die ProCredit Gruppe 100 Mio. USD f\u00fcr KMU bereit \u2022 Ziell\u00e4nder sind Albanien, Bosnien und Herzegowina, Ecuador, Kosovo, Moldawien, Nordmazedonien, Rum\u00e4nien, Serbien und die Ukraine \u2022 Finanzmittel sollen KMU kurzfristig Zugang zu weiteren Betriebsmitteln erm\u00f6glichen","og_url":"https:\/\/www.procredit-holding.com\/de\/2020\/07\/13\/international-finance-corporation-und-procredit-vertiefen-kooperation-um-kmu-in-neun-schwellenlaendern-in-der-corona-krise-zu-unterstuetzen\/","og_site_name":"PCH (DE)","article_published_time":"2020-07-13T05:04:15+00:00","author":"lbosch","twitter_card":"summary_large_image","twitter_misc":{"Written by":"lbosch","Est. reading time":"4 minutes"},"schema":{"@context":"https:\/\/schema.org","@graph":[{"@type":"Article","@id":"https:\/\/www.procredit-holding.com\/de\/2020\/07\/13\/international-finance-corporation-und-procredit-vertiefen-kooperation-um-kmu-in-neun-schwellenlaendern-in-der-corona-krise-zu-unterstuetzen\/#article","isPartOf":{"@id":"https:\/\/www.procredit-holding.com\/de\/2020\/07\/13\/international-finance-corporation-und-procredit-vertiefen-kooperation-um-kmu-in-neun-schwellenlaendern-in-der-corona-krise-zu-unterstuetzen\/"},"author":{"name":"lbosch","@id":"https:\/\/www.procredit-holding.com\/de\/#\/schema\/person\/dcaccfbe577d1f3532c2d1b51d420ed8"},"headline":"International Finance Corporation und ProCredit vertiefen Kooperation, um KMU in neun Schwellenl\u00e4ndern in der Corona-Krise zu unterst\u00fctzen","datePublished":"2020-07-13T05:04:15+00:00","mainEntityOfPage":{"@id":"https:\/\/www.procredit-holding.com\/de\/2020\/07\/13\/international-finance-corporation-und-procredit-vertiefen-kooperation-um-kmu-in-neun-schwellenlaendern-in-der-corona-krise-zu-unterstuetzen\/"},"wordCount":835,"publisher":{"@id":"https:\/\/www.procredit-holding.com\/de\/#organization"},"articleSection":["Corporate News","Pressemitteilungen"],"inLanguage":"en-US"},{"@type":"WebPage","@id":"https:\/\/www.procredit-holding.com\/de\/2020\/07\/13\/international-finance-corporation-und-procredit-vertiefen-kooperation-um-kmu-in-neun-schwellenlaendern-in-der-corona-krise-zu-unterstuetzen\/","url":"https:\/\/www.procredit-holding.com\/de\/2020\/07\/13\/international-finance-corporation-und-procredit-vertiefen-kooperation-um-kmu-in-neun-schwellenlaendern-in-der-corona-krise-zu-unterstuetzen\/","name":"International Finance Corporation und ProCredit vertiefen Kooperation, um KMU in neun Schwellenl\u00e4ndern in der Corona-Krise zu unterst\u00fctzen - PCH (DE)","isPartOf":{"@id":"https:\/\/www.procredit-holding.com\/de\/#website"},"datePublished":"2020-07-13T05:04:15+00:00","breadcrumb":{"@id":"https:\/\/www.procredit-holding.com\/de\/2020\/07\/13\/international-finance-corporation-und-procredit-vertiefen-kooperation-um-kmu-in-neun-schwellenlaendern-in-der-corona-krise-zu-unterstuetzen\/#breadcrumb"},"inLanguage":"en-US","potentialAction":[{"@type":"ReadAction","target":["https:\/\/www.procredit-holding.com\/de\/2020\/07\/13\/international-finance-corporation-und-procredit-vertiefen-kooperation-um-kmu-in-neun-schwellenlaendern-in-der-corona-krise-zu-unterstuetzen\/"]}]},{"@type":"BreadcrumbList","@id":"https:\/\/www.procredit-holding.com\/de\/2020\/07\/13\/international-finance-corporation-und-procredit-vertiefen-kooperation-um-kmu-in-neun-schwellenlaendern-in-der-corona-krise-zu-unterstuetzen\/#breadcrumb","itemListElement":[{"@type":"ListItem","position":1,"name":"Home","item":"https:\/\/www.procredit-holding.com\/de\/"},{"@type":"ListItem","position":2,"name":"International Finance Corporation und ProCredit vertiefen Kooperation, um KMU in neun Schwellenl\u00e4ndern in der Corona-Krise zu unterst\u00fctzen"}]},{"@type":"WebSite","@id":"https:\/\/www.procredit-holding.com\/de\/#website","url":"https:\/\/www.procredit-holding.com\/de\/","name":"ProCredit Holding (de)","description":"An international development-oriented commercial banking group","publisher":{"@id":"https:\/\/www.procredit-holding.com\/de\/#organization"},"potentialAction":[{"@type":"SearchAction","target":{"@type":"EntryPoint","urlTemplate":"https:\/\/www.procredit-holding.com\/de\/?s={search_term_string}"},"query-input":{"@type":"PropertyValueSpecification","valueRequired":true,"valueName":"search_term_string"}}],"inLanguage":"en-US"},{"@type":"Organization","@id":"https:\/\/www.procredit-holding.com\/de\/#organization","name":"ProCredit Holding AG","url":"https:\/\/www.procredit-holding.com\/de\/","logo":{"@type":"ImageObject","inLanguage":"en-US","@id":"https:\/\/www.procredit-holding.com\/de\/#\/schema\/logo\/image\/","url":"https:\/\/www.procredit-holding.com\/de\/wp-content\/uploads\/sites\/2\/2017\/05\/logo-pch.png","contentUrl":"https:\/\/www.procredit-holding.com\/de\/wp-content\/uploads\/sites\/2\/2017\/05\/logo-pch.png","width":265,"height":90,"caption":"ProCredit Holding AG"},"image":{"@id":"https:\/\/www.procredit-holding.com\/de\/#\/schema\/logo\/image\/"},"sameAs":["https:\/\/www.linkedin.com\/company\/procredit-holding"]},{"@type":"Person","@id":"https:\/\/www.procredit-holding.com\/de\/#\/schema\/person\/dcaccfbe577d1f3532c2d1b51d420ed8","name":"lbosch","image":{"@type":"ImageObject","inLanguage":"en-US","@id":"https:\/\/secure.gravatar.com\/avatar\/b5b57c34b7123fd22e5d9ccc1951afa98450ce725a5a1cae099abdd9748620d9?s=96&d=mm&r=g","url":"https:\/\/secure.gravatar.com\/avatar\/b5b57c34b7123fd22e5d9ccc1951afa98450ce725a5a1cae099abdd9748620d9?s=96&d=mm&r=g","contentUrl":"https:\/\/secure.gravatar.com\/avatar\/b5b57c34b7123fd22e5d9ccc1951afa98450ce725a5a1cae099abdd9748620d9?s=96&d=mm&r=g","caption":"lbosch"},"url":"https:\/\/www.procredit-holding.com\/de\/author\/lbosch\/"}]}},"_links":{"self":[{"href":"https:\/\/www.procredit-holding.com\/de\/wp-json\/wp\/v2\/posts\/6237","targetHints":{"allow":["GET"]}}],"collection":[{"href":"https:\/\/www.procredit-holding.com\/de\/wp-json\/wp\/v2\/posts"}],"about":[{"href":"https:\/\/www.procredit-holding.com\/de\/wp-json\/wp\/v2\/types\/post"}],"author":[{"embeddable":true,"href":"https:\/\/www.procredit-holding.com\/de\/wp-json\/wp\/v2\/users\/14"}],"replies":[{"embeddable":true,"href":"https:\/\/www.procredit-holding.com\/de\/wp-json\/wp\/v2\/comments?post=6237"}],"version-history":[{"count":1,"href":"https:\/\/www.procredit-holding.com\/de\/wp-json\/wp\/v2\/posts\/6237\/revisions"}],"predecessor-version":[{"id":6238,"href":"https:\/\/www.procredit-holding.com\/de\/wp-json\/wp\/v2\/posts\/6237\/revisions\/6238"}],"wp:attachment":[{"href":"https:\/\/www.procredit-holding.com\/de\/wp-json\/wp\/v2\/media?parent=6237"}],"wp:term":[{"taxonomy":"category","embeddable":true,"href":"https:\/\/www.procredit-holding.com\/de\/wp-json\/wp\/v2\/categories?post=6237"},{"taxonomy":"post_tag","embeddable":true,"href":"https:\/\/www.procredit-holding.com\/de\/wp-json\/wp\/v2\/tags?post=6237"}],"curies":[{"name":"wp","href":"https:\/\/api.w.org\/{rel}","templated":true}]}}