{"id":7012,"date":"2021-07-23T10:06:38","date_gmt":"2021-07-23T08:06:38","guid":{"rendered":"https:\/\/pchtest.procredit-holding.com\/de\/?p=7012"},"modified":"2021-07-23T10:14:59","modified_gmt":"2021-07-23T08:14:59","slug":"procredit-holding-ag-co-kgaa-die-procredit-holding-ag-co-kgaa-hebt-prognose-fuer-die-eigenkapitalrendite-fuer-das-geschaeftsjahr-2021-an","status":"publish","type":"post","link":"https:\/\/www.procredit-holding.com\/de\/2021\/07\/23\/procredit-holding-ag-co-kgaa-die-procredit-holding-ag-co-kgaa-hebt-prognose-fuer-die-eigenkapitalrendite-fuer-das-geschaeftsjahr-2021-an\/","title":{"rendered":"Die ProCredit Holding AG &amp; Co KGaA hebt Prognose f\u00fcr die Eigenkapitalrendite f\u00fcr das Gesch\u00e4ftsjahr 2021 an"},"content":{"rendered":"<p><a href=\"https:\/\/www.procredit-holding.com\/de\/wp-content\/uploads\/sites\/2\/2021\/07\/Die-ProCredit-Holding-AG-Co-KGaA-hebt-Prognose-fuer-die-Eigenkapitalrendite-dgap.de_.pdf\">Die ProCredit Holding AG &amp; Co KGaA hebt Prognose f\u00fcr die Eigenkapitalrendite f\u00fcr das Gesch\u00e4ftsjahr 2021 an \/ PDF 0,1 MB<\/a><\/p>\n","protected":false},"excerpt":{"rendered":"<p>Die ProCredit Holding AG &amp; Co KGaA hebt Prognose f\u00fcr die Eigenkapitalrendite f\u00fcr das Gesch\u00e4ftsjahr 2021 an \/ PDF 0,1 MB<\/p>\n","protected":false},"author":19,"featured_media":0,"comment_status":"closed","ping_status":"open","sticky":false,"template":"","format":"standard","meta":{"_acf_changed":false,"footnotes":""},"categories":[49],"tags":[],"class_list":["post-7012","post","type-post","status-publish","format-standard","hentry","category-ad-hoc-news"],"acf":[],"yoast_head":"<!-- This site is optimized with the Yoast SEO plugin v27.4 - https:\/\/yoast.com\/product\/yoast-seo-wordpress\/ -->\n<title>Die ProCredit Holding AG &amp; Co KGaA hebt Prognose f\u00fcr die Eigenkapitalrendite f\u00fcr das Gesch\u00e4ftsjahr 2021 an - PCH (DE)<\/title>\n<meta name=\"robots\" content=\"index, follow, max-snippet:-1, max-image-preview:large, max-video-preview:-1\" \/>\n<link rel=\"canonical\" href=\"https:\/\/www.procredit-holding.com\/de\/2021\/07\/23\/procredit-holding-ag-co-kgaa-die-procredit-holding-ag-co-kgaa-hebt-prognose-fuer-die-eigenkapitalrendite-fuer-das-geschaeftsjahr-2021-an\/\" \/>\n<meta property=\"og:locale\" content=\"en_US\" \/>\n<meta property=\"og:type\" content=\"article\" \/>\n<meta property=\"og:title\" content=\"Die ProCredit Holding AG &amp; Co KGaA hebt Prognose f\u00fcr die Eigenkapitalrendite f\u00fcr das Gesch\u00e4ftsjahr 2021 an - PCH (DE)\" \/>\n<meta property=\"og:description\" content=\"Die ProCredit Holding AG &amp; Co KGaA hebt Prognose f\u00fcr die Eigenkapitalrendite f\u00fcr das Gesch\u00e4ftsjahr 2021 an \/ PDF 0,1 MB\" \/>\n<meta property=\"og:url\" content=\"https:\/\/www.procredit-holding.com\/de\/2021\/07\/23\/procredit-holding-ag-co-kgaa-die-procredit-holding-ag-co-kgaa-hebt-prognose-fuer-die-eigenkapitalrendite-fuer-das-geschaeftsjahr-2021-an\/\" \/>\n<meta property=\"og:site_name\" content=\"PCH (DE)\" \/>\n<meta property=\"article:published_time\" content=\"2021-07-23T08:06:38+00:00\" \/>\n<meta property=\"article:modified_time\" content=\"2021-07-23T08:14:59+00:00\" \/>\n<meta name=\"author\" content=\"xuanvu\" \/>\n<meta name=\"twitter:card\" content=\"summary_large_image\" \/>\n<meta name=\"twitter:label1\" content=\"Written by\" \/>\n\t<meta name=\"twitter:data1\" content=\"xuanvu\" \/>\n\t<meta name=\"twitter:label2\" content=\"Est. reading time\" \/>\n\t<meta name=\"twitter:data2\" content=\"1 minute\" \/>\n<script type=\"application\/ld+json\" class=\"yoast-schema-graph\">{\"@context\":\"https:\\\/\\\/schema.org\",\"@graph\":[{\"@type\":\"Article\",\"@id\":\"https:\\\/\\\/www.procredit-holding.com\\\/de\\\/2021\\\/07\\\/23\\\/procredit-holding-ag-co-kgaa-die-procredit-holding-ag-co-kgaa-hebt-prognose-fuer-die-eigenkapitalrendite-fuer-das-geschaeftsjahr-2021-an\\\/#article\",\"isPartOf\":{\"@id\":\"https:\\\/\\\/www.procredit-holding.com\\\/de\\\/2021\\\/07\\\/23\\\/procredit-holding-ag-co-kgaa-die-procredit-holding-ag-co-kgaa-hebt-prognose-fuer-die-eigenkapitalrendite-fuer-das-geschaeftsjahr-2021-an\\\/\"},\"author\":{\"name\":\"xuanvu\",\"@id\":\"https:\\\/\\\/www.procredit-holding.com\\\/de\\\/#\\\/schema\\\/person\\\/dcf045654293af28a8342155d372e301\"},\"headline\":\"Die ProCredit Holding AG &amp; Co KGaA hebt Prognose f\u00fcr die Eigenkapitalrendite f\u00fcr das Gesch\u00e4ftsjahr 2021 an\",\"datePublished\":\"2021-07-23T08:06:38+00:00\",\"dateModified\":\"2021-07-23T08:14:59+00:00\",\"mainEntityOfPage\":{\"@id\":\"https:\\\/\\\/www.procredit-holding.com\\\/de\\\/2021\\\/07\\\/23\\\/procredit-holding-ag-co-kgaa-die-procredit-holding-ag-co-kgaa-hebt-prognose-fuer-die-eigenkapitalrendite-fuer-das-geschaeftsjahr-2021-an\\\/\"},\"wordCount\":40,\"publisher\":{\"@id\":\"https:\\\/\\\/www.procredit-holding.com\\\/de\\\/#organization\"},\"articleSection\":[\"Ad-hoc Mitteilungen\"],\"inLanguage\":\"en-US\"},{\"@type\":\"WebPage\",\"@id\":\"https:\\\/\\\/www.procredit-holding.com\\\/de\\\/2021\\\/07\\\/23\\\/procredit-holding-ag-co-kgaa-die-procredit-holding-ag-co-kgaa-hebt-prognose-fuer-die-eigenkapitalrendite-fuer-das-geschaeftsjahr-2021-an\\\/\",\"url\":\"https:\\\/\\\/www.procredit-holding.com\\\/de\\\/2021\\\/07\\\/23\\\/procredit-holding-ag-co-kgaa-die-procredit-holding-ag-co-kgaa-hebt-prognose-fuer-die-eigenkapitalrendite-fuer-das-geschaeftsjahr-2021-an\\\/\",\"name\":\"Die ProCredit Holding AG &amp; Co KGaA hebt Prognose f\u00fcr die Eigenkapitalrendite f\u00fcr das Gesch\u00e4ftsjahr 2021 an - PCH (DE)\",\"isPartOf\":{\"@id\":\"https:\\\/\\\/www.procredit-holding.com\\\/de\\\/#website\"},\"datePublished\":\"2021-07-23T08:06:38+00:00\",\"dateModified\":\"2021-07-23T08:14:59+00:00\",\"breadcrumb\":{\"@id\":\"https:\\\/\\\/www.procredit-holding.com\\\/de\\\/2021\\\/07\\\/23\\\/procredit-holding-ag-co-kgaa-die-procredit-holding-ag-co-kgaa-hebt-prognose-fuer-die-eigenkapitalrendite-fuer-das-geschaeftsjahr-2021-an\\\/#breadcrumb\"},\"inLanguage\":\"en-US\",\"potentialAction\":[{\"@type\":\"ReadAction\",\"target\":[\"https:\\\/\\\/www.procredit-holding.com\\\/de\\\/2021\\\/07\\\/23\\\/procredit-holding-ag-co-kgaa-die-procredit-holding-ag-co-kgaa-hebt-prognose-fuer-die-eigenkapitalrendite-fuer-das-geschaeftsjahr-2021-an\\\/\"]}]},{\"@type\":\"BreadcrumbList\",\"@id\":\"https:\\\/\\\/www.procredit-holding.com\\\/de\\\/2021\\\/07\\\/23\\\/procredit-holding-ag-co-kgaa-die-procredit-holding-ag-co-kgaa-hebt-prognose-fuer-die-eigenkapitalrendite-fuer-das-geschaeftsjahr-2021-an\\\/#breadcrumb\",\"itemListElement\":[{\"@type\":\"ListItem\",\"position\":1,\"name\":\"Home\",\"item\":\"https:\\\/\\\/www.procredit-holding.com\\\/de\\\/\"},{\"@type\":\"ListItem\",\"position\":2,\"name\":\"Die ProCredit Holding AG &amp; Co KGaA hebt Prognose f\u00fcr die Eigenkapitalrendite f\u00fcr das Gesch\u00e4ftsjahr 2021 an\"}]},{\"@type\":\"WebSite\",\"@id\":\"https:\\\/\\\/www.procredit-holding.com\\\/de\\\/#website\",\"url\":\"https:\\\/\\\/www.procredit-holding.com\\\/de\\\/\",\"name\":\"ProCredit Holding (de)\",\"description\":\"An international development-oriented commercial banking group\",\"publisher\":{\"@id\":\"https:\\\/\\\/www.procredit-holding.com\\\/de\\\/#organization\"},\"potentialAction\":[{\"@type\":\"SearchAction\",\"target\":{\"@type\":\"EntryPoint\",\"urlTemplate\":\"https:\\\/\\\/www.procredit-holding.com\\\/de\\\/?s={search_term_string}\"},\"query-input\":{\"@type\":\"PropertyValueSpecification\",\"valueRequired\":true,\"valueName\":\"search_term_string\"}}],\"inLanguage\":\"en-US\"},{\"@type\":\"Organization\",\"@id\":\"https:\\\/\\\/www.procredit-holding.com\\\/de\\\/#organization\",\"name\":\"ProCredit Holding AG\",\"url\":\"https:\\\/\\\/www.procredit-holding.com\\\/de\\\/\",\"logo\":{\"@type\":\"ImageObject\",\"inLanguage\":\"en-US\",\"@id\":\"https:\\\/\\\/www.procredit-holding.com\\\/de\\\/#\\\/schema\\\/logo\\\/image\\\/\",\"url\":\"https:\\\/\\\/www.procredit-holding.com\\\/de\\\/wp-content\\\/uploads\\\/sites\\\/2\\\/2017\\\/05\\\/logo-pch.png\",\"contentUrl\":\"https:\\\/\\\/www.procredit-holding.com\\\/de\\\/wp-content\\\/uploads\\\/sites\\\/2\\\/2017\\\/05\\\/logo-pch.png\",\"width\":265,\"height\":90,\"caption\":\"ProCredit Holding AG\"},\"image\":{\"@id\":\"https:\\\/\\\/www.procredit-holding.com\\\/de\\\/#\\\/schema\\\/logo\\\/image\\\/\"},\"sameAs\":[\"https:\\\/\\\/www.linkedin.com\\\/company\\\/procredit-holding\"]},{\"@type\":\"Person\",\"@id\":\"https:\\\/\\\/www.procredit-holding.com\\\/de\\\/#\\\/schema\\\/person\\\/dcf045654293af28a8342155d372e301\",\"name\":\"xuanvu\",\"image\":{\"@type\":\"ImageObject\",\"inLanguage\":\"en-US\",\"@id\":\"https:\\\/\\\/secure.gravatar.com\\\/avatar\\\/36d5f59ab63b5e661f086f482dfa62647b597bc068b223b79c6992d2eb56ecf2?s=96&d=mm&r=g\",\"url\":\"https:\\\/\\\/secure.gravatar.com\\\/avatar\\\/36d5f59ab63b5e661f086f482dfa62647b597bc068b223b79c6992d2eb56ecf2?s=96&d=mm&r=g\",\"contentUrl\":\"https:\\\/\\\/secure.gravatar.com\\\/avatar\\\/36d5f59ab63b5e661f086f482dfa62647b597bc068b223b79c6992d2eb56ecf2?s=96&d=mm&r=g\",\"caption\":\"xuanvu\"},\"url\":\"https:\\\/\\\/www.procredit-holding.com\\\/de\\\/author\\\/xuanvu\\\/\"}]}<\/script>\n<!-- \/ Yoast SEO plugin. -->","yoast_head_json":{"title":"Die ProCredit Holding AG &amp; Co KGaA hebt Prognose f\u00fcr die Eigenkapitalrendite f\u00fcr das Gesch\u00e4ftsjahr 2021 an - PCH (DE)","robots":{"index":"index","follow":"follow","max-snippet":"max-snippet:-1","max-image-preview":"max-image-preview:large","max-video-preview":"max-video-preview:-1"},"canonical":"https:\/\/www.procredit-holding.com\/de\/2021\/07\/23\/procredit-holding-ag-co-kgaa-die-procredit-holding-ag-co-kgaa-hebt-prognose-fuer-die-eigenkapitalrendite-fuer-das-geschaeftsjahr-2021-an\/","og_locale":"en_US","og_type":"article","og_title":"Die ProCredit Holding AG &amp; Co KGaA hebt Prognose f\u00fcr die Eigenkapitalrendite f\u00fcr das Gesch\u00e4ftsjahr 2021 an - PCH (DE)","og_description":"Die ProCredit Holding AG &amp; Co KGaA hebt Prognose f\u00fcr die Eigenkapitalrendite f\u00fcr das Gesch\u00e4ftsjahr 2021 an \/ PDF 0,1 MB","og_url":"https:\/\/www.procredit-holding.com\/de\/2021\/07\/23\/procredit-holding-ag-co-kgaa-die-procredit-holding-ag-co-kgaa-hebt-prognose-fuer-die-eigenkapitalrendite-fuer-das-geschaeftsjahr-2021-an\/","og_site_name":"PCH (DE)","article_published_time":"2021-07-23T08:06:38+00:00","article_modified_time":"2021-07-23T08:14:59+00:00","author":"xuanvu","twitter_card":"summary_large_image","twitter_misc":{"Written by":"xuanvu","Est. reading time":"1 minute"},"schema":{"@context":"https:\/\/schema.org","@graph":[{"@type":"Article","@id":"https:\/\/www.procredit-holding.com\/de\/2021\/07\/23\/procredit-holding-ag-co-kgaa-die-procredit-holding-ag-co-kgaa-hebt-prognose-fuer-die-eigenkapitalrendite-fuer-das-geschaeftsjahr-2021-an\/#article","isPartOf":{"@id":"https:\/\/www.procredit-holding.com\/de\/2021\/07\/23\/procredit-holding-ag-co-kgaa-die-procredit-holding-ag-co-kgaa-hebt-prognose-fuer-die-eigenkapitalrendite-fuer-das-geschaeftsjahr-2021-an\/"},"author":{"name":"xuanvu","@id":"https:\/\/www.procredit-holding.com\/de\/#\/schema\/person\/dcf045654293af28a8342155d372e301"},"headline":"Die ProCredit Holding AG &amp; Co KGaA hebt Prognose f\u00fcr die Eigenkapitalrendite f\u00fcr das Gesch\u00e4ftsjahr 2021 an","datePublished":"2021-07-23T08:06:38+00:00","dateModified":"2021-07-23T08:14:59+00:00","mainEntityOfPage":{"@id":"https:\/\/www.procredit-holding.com\/de\/2021\/07\/23\/procredit-holding-ag-co-kgaa-die-procredit-holding-ag-co-kgaa-hebt-prognose-fuer-die-eigenkapitalrendite-fuer-das-geschaeftsjahr-2021-an\/"},"wordCount":40,"publisher":{"@id":"https:\/\/www.procredit-holding.com\/de\/#organization"},"articleSection":["Ad-hoc Mitteilungen"],"inLanguage":"en-US"},{"@type":"WebPage","@id":"https:\/\/www.procredit-holding.com\/de\/2021\/07\/23\/procredit-holding-ag-co-kgaa-die-procredit-holding-ag-co-kgaa-hebt-prognose-fuer-die-eigenkapitalrendite-fuer-das-geschaeftsjahr-2021-an\/","url":"https:\/\/www.procredit-holding.com\/de\/2021\/07\/23\/procredit-holding-ag-co-kgaa-die-procredit-holding-ag-co-kgaa-hebt-prognose-fuer-die-eigenkapitalrendite-fuer-das-geschaeftsjahr-2021-an\/","name":"Die ProCredit Holding AG &amp; Co KGaA hebt Prognose f\u00fcr die Eigenkapitalrendite f\u00fcr das Gesch\u00e4ftsjahr 2021 an - PCH (DE)","isPartOf":{"@id":"https:\/\/www.procredit-holding.com\/de\/#website"},"datePublished":"2021-07-23T08:06:38+00:00","dateModified":"2021-07-23T08:14:59+00:00","breadcrumb":{"@id":"https:\/\/www.procredit-holding.com\/de\/2021\/07\/23\/procredit-holding-ag-co-kgaa-die-procredit-holding-ag-co-kgaa-hebt-prognose-fuer-die-eigenkapitalrendite-fuer-das-geschaeftsjahr-2021-an\/#breadcrumb"},"inLanguage":"en-US","potentialAction":[{"@type":"ReadAction","target":["https:\/\/www.procredit-holding.com\/de\/2021\/07\/23\/procredit-holding-ag-co-kgaa-die-procredit-holding-ag-co-kgaa-hebt-prognose-fuer-die-eigenkapitalrendite-fuer-das-geschaeftsjahr-2021-an\/"]}]},{"@type":"BreadcrumbList","@id":"https:\/\/www.procredit-holding.com\/de\/2021\/07\/23\/procredit-holding-ag-co-kgaa-die-procredit-holding-ag-co-kgaa-hebt-prognose-fuer-die-eigenkapitalrendite-fuer-das-geschaeftsjahr-2021-an\/#breadcrumb","itemListElement":[{"@type":"ListItem","position":1,"name":"Home","item":"https:\/\/www.procredit-holding.com\/de\/"},{"@type":"ListItem","position":2,"name":"Die ProCredit Holding AG &amp; Co KGaA hebt Prognose f\u00fcr die Eigenkapitalrendite f\u00fcr das Gesch\u00e4ftsjahr 2021 an"}]},{"@type":"WebSite","@id":"https:\/\/www.procredit-holding.com\/de\/#website","url":"https:\/\/www.procredit-holding.com\/de\/","name":"ProCredit Holding (de)","description":"An international development-oriented commercial banking group","publisher":{"@id":"https:\/\/www.procredit-holding.com\/de\/#organization"},"potentialAction":[{"@type":"SearchAction","target":{"@type":"EntryPoint","urlTemplate":"https:\/\/www.procredit-holding.com\/de\/?s={search_term_string}"},"query-input":{"@type":"PropertyValueSpecification","valueRequired":true,"valueName":"search_term_string"}}],"inLanguage":"en-US"},{"@type":"Organization","@id":"https:\/\/www.procredit-holding.com\/de\/#organization","name":"ProCredit Holding AG","url":"https:\/\/www.procredit-holding.com\/de\/","logo":{"@type":"ImageObject","inLanguage":"en-US","@id":"https:\/\/www.procredit-holding.com\/de\/#\/schema\/logo\/image\/","url":"https:\/\/www.procredit-holding.com\/de\/wp-content\/uploads\/sites\/2\/2017\/05\/logo-pch.png","contentUrl":"https:\/\/www.procredit-holding.com\/de\/wp-content\/uploads\/sites\/2\/2017\/05\/logo-pch.png","width":265,"height":90,"caption":"ProCredit Holding AG"},"image":{"@id":"https:\/\/www.procredit-holding.com\/de\/#\/schema\/logo\/image\/"},"sameAs":["https:\/\/www.linkedin.com\/company\/procredit-holding"]},{"@type":"Person","@id":"https:\/\/www.procredit-holding.com\/de\/#\/schema\/person\/dcf045654293af28a8342155d372e301","name":"xuanvu","image":{"@type":"ImageObject","inLanguage":"en-US","@id":"https:\/\/secure.gravatar.com\/avatar\/36d5f59ab63b5e661f086f482dfa62647b597bc068b223b79c6992d2eb56ecf2?s=96&d=mm&r=g","url":"https:\/\/secure.gravatar.com\/avatar\/36d5f59ab63b5e661f086f482dfa62647b597bc068b223b79c6992d2eb56ecf2?s=96&d=mm&r=g","contentUrl":"https:\/\/secure.gravatar.com\/avatar\/36d5f59ab63b5e661f086f482dfa62647b597bc068b223b79c6992d2eb56ecf2?s=96&d=mm&r=g","caption":"xuanvu"},"url":"https:\/\/www.procredit-holding.com\/de\/author\/xuanvu\/"}]}},"_links":{"self":[{"href":"https:\/\/www.procredit-holding.com\/de\/wp-json\/wp\/v2\/posts\/7012","targetHints":{"allow":["GET"]}}],"collection":[{"href":"https:\/\/www.procredit-holding.com\/de\/wp-json\/wp\/v2\/posts"}],"about":[{"href":"https:\/\/www.procredit-holding.com\/de\/wp-json\/wp\/v2\/types\/post"}],"author":[{"embeddable":true,"href":"https:\/\/www.procredit-holding.com\/de\/wp-json\/wp\/v2\/users\/19"}],"replies":[{"embeddable":true,"href":"https:\/\/www.procredit-holding.com\/de\/wp-json\/wp\/v2\/comments?post=7012"}],"version-history":[{"count":4,"href":"https:\/\/www.procredit-holding.com\/de\/wp-json\/wp\/v2\/posts\/7012\/revisions"}],"predecessor-version":[{"id":7016,"href":"https:\/\/www.procredit-holding.com\/de\/wp-json\/wp\/v2\/posts\/7012\/revisions\/7016"}],"wp:attachment":[{"href":"https:\/\/www.procredit-holding.com\/de\/wp-json\/wp\/v2\/media?parent=7012"}],"wp:term":[{"taxonomy":"category","embeddable":true,"href":"https:\/\/www.procredit-holding.com\/de\/wp-json\/wp\/v2\/categories?post=7012"},{"taxonomy":"post_tag","embeddable":true,"href":"https:\/\/www.procredit-holding.com\/de\/wp-json\/wp\/v2\/tags?post=7012"}],"curies":[{"name":"wp","href":"https:\/\/api.w.org\/{rel}","templated":true}]}}