{"id":983,"date":"2017-02-09T10:40:04","date_gmt":"2017-02-09T08:40:04","guid":{"rendered":"http:\/\/www.procredit-holding.local\/\/?p=983"},"modified":"2019-01-25T16:35:24","modified_gmt":"2019-01-25T14:35:24","slug":"eur-70m-smes-kosovo-serbia-former-yugoslav-republic-macedonia-western-balkans-enterprise-development-innovation-facility-2","status":"publish","type":"post","link":"https:\/\/www.procredit-holding.com\/de\/2017\/02\/09\/eur-70m-smes-kosovo-serbia-former-yugoslav-republic-macedonia-western-balkans-enterprise-development-innovation-facility-2\/","title":{"rendered":"70 Mio. EUR f\u00fcr KMU im Kosovo, in Serbien und in der ejR Mazedonien im Rahmen der Fazilit\u00e4t f\u00fcr Unternehmensentwicklung und Innovation im westlichen Balkan"},"content":{"rendered":"<p>Der Europ\u00e4ische Investitionsfonds (EIF) und drei Tochterbanken der ProCredit Gruppe haben\u00a0Garantievereinbarungen zur Unterst\u00fctzung kleiner und mittlerer Unternehmen (KMU) im\u00a0Kosovo, in Serbien und der ehemaligen jugoslawischen Republik (ejR) Mazedonien\u00a0unterzeichnet. Dies wurde durch die, von der Europ\u00e4ischen Union finanzierte, Garantiefazilit\u00e4t\u00a0f\u00fcr den westlichen Balkan im Rahmen der Fazilit\u00e4t f\u00fcr Unternehmensentwicklung und\u00a0Innovation im westlichen Balkan (Western Balkans Enterprise Development and Innovation\u00a0Facility, WB EDIF) erm\u00f6glicht.<br \/>\n<!--more--><\/p>\n<p>Die im Rahmen der Garantiefazilit\u00e4t f\u00fcr den westlichen Balkan abgeschlossenen\u00a0Vereinbarungen sollen KMU im Kosovo, in Serbien und der ejR Mazedonien den Zugang zu\u00a0Finanzierungen erleichtern. Auf diese Weise wird in den kommenden zwei Jahren ein Anteil\u00a0von insgesamt 70 Mio. EUR der Kreditportfolios in den drei L\u00e4ndern abgesichert. KMU erhalten \u00fcber die ProCredit Bank Kosovo Zugang zu 35 Mio. EUR, zu 25 Mio. EUR \u00fcber die ProCredit\u00a0Bank Serbien und zu 10 Mio. EUR \u00fcber die ProCredit Bank Mazedonien.<\/p>\n<p>EIF Direktor Alessandro Tappi, verantwortlich f\u00fcr Guarantees, Securitisation &amp; Microfinance,\u00a0kommentierte die Unterzeichnung: <em>\u201eWir freuen uns, diese Garantievereinbarungen im Rahmen\u00a0der zweiten Phase der Garantiefazilit\u00e4t f\u00fcr den westlichen Balkan mit ProCredit, einem\u00a0langj\u00e4hrigen EIF-Partner in der Region, f\u00fcr KMU im Kosovo, in Serbien und der ejR\u00a0Mazedonien zu unterzeichnen. Durch die Garantievereinbarungen wird f\u00fcr KMU \u00fcber die\u00a0lokalen ProCredit Banken ein besserer Zugang zu Finanzierungen m\u00f6glich, wodurch\u00a0zus\u00e4tzliche Arbeitspl\u00e4tze und Wachstum in die Volkswirtschaften der drei L\u00e4nder gebracht\u00a0werden k\u00f6nnen.\u201c<\/em><\/p>\n<p>Borislav Kostadinov, Mitglied des Vorstandes der ProCredit Holding, f\u00fcgte hinzu: <em>\u201eWir in der\u00a0ProCredit Gruppe sind sehr stolz darauf, diese Garantievereinbarungen f\u00fcr die drei L\u00e4nder zu\u00a0unterzeichnen. Als f\u00fchrende Hausbank f\u00fcr KMU in dieser Region sind wir stets bestrebt,\u00a0bessere L\u00f6sungen f\u00fcr kleine und mittelst\u00e4ndische Unternehmen in den L\u00e4ndern anzubieten,\u00a0in denen wir t\u00e4tig sind.\u201c<\/em><\/p>\n<p><strong>\u00dcber den EIF<\/strong><br \/>\nDer Europ\u00e4ische Investitionsfonds (EIF) geh\u00f6rt zur Europ\u00e4ischen Investitionsbank-Gruppe.\u00a0Seine zentrale Aufgabe ist die Unterst\u00fctzung der Kleinstunternehmen und kleinen und\u00a0mittleren Unternehmen (KMU) in Europa durch Hilfestellung beim Zugang zu Finanzierung.\u00a0Der EIF gestaltet und entwickelt Risiko- und Wachstumskapital, Garantien und\u00a0Mikrofinanzierungsinstrumente, die speziell auf dieses Marktsegment ausgerichtet sind. In\u00a0dieser Funktion f\u00f6rdert der EIF die Ziele der EU zur Unterst\u00fctzung von Innovation, Forschung\u00a0und Entwicklung, Unternehmertum, Wachstum und Besch\u00e4ftigung.<\/p>\n<p><strong>\u00dcber WB EDIF<\/strong><br \/>\nDie Fazilit\u00e4t f\u00fcr Unternehmensentwicklung und Innovation im westlichen Balkan (WB EDIF)\u00a0 ist\u00a0eine von der EU finanzierte Initiative, die darauf abzielt, die f\u00fcr KMU in den westlichen\u00a0Balkanl\u00e4ndern verf\u00fcgbaren Finanzierungsmittel zu erh\u00f6hen sowie die Entwicklung des\u00a0Privatsektors, die sozio\u00f6konomische Entwicklung und den EU-Beitrittsprozess in der\u00a0gesamten Region zu unterst\u00fctzen. Die in diesem Rahmen von der EU, internationalen\u00a0Finanzinstituten (IFI), Beg\u00fcnstigten und bilateralen Gebern bereitgestellten Mittel in H\u00f6he von\u00a0145 Mio. EUR werden effektiv als \u00fcber 300 Mio. EUR an Direktfinanzierungen f\u00fcr KMU in der\u00a0Region eingesetzt. Die Garantiefazilit\u00e4t bildet eine S\u00e4ule des WB EDIF und zielt auf KMU mit\u00a0Wachstumspotenzial ab, die Kredite f\u00fcr ihr Investitions- und Betriebskapital ben\u00f6tigen.<\/p>\n<p>Die Fazilit\u00e4t wird vom EIF koordiniert und in enger Zusammenarbeit zwischen den\u00a0Regierungen im westlichen Balkan, der Europ\u00e4ischen Kommission, der Europ\u00e4ischen Investitionsbank (EIB) und der Europ\u00e4ischen Bank f\u00fcr Wiederaufbau und Entwicklung (EBWE)\u00a0verwaltet. IFIs, internationale Organisationen und bilaterale Geber in der Region wie die\u00a0Weltbank, DEG, OECD und andere beteiligen sich, um ihre Bem\u00fchungen um die Entwicklung\u00a0des privaten Sektors auf dem westlichen Balkan zu optimieren.<\/p>\n<p><strong>\u00dcber die ProCredit Gruppe<\/strong><br \/>\nDie ProCredit Holding AG &amp; Co. KGaA mit Sitz in Frankfurt am Main, Deutschland, ist die<br \/>\nMuttergesellschaft der international t\u00e4tigen ProCredit Gruppe, die aus Banken f\u00fcr kleine und\u00a0mittlere Unternehmen (KMU) mit operativem Fokus auf S\u00fcdost- und Osteuropa besteht.\u00a0Zus\u00e4tzlich zu diesem regionalen Schwerpunkt ist die ProCredit Gruppe auch in Deutschland\u00a0und in S\u00fcdamerika t\u00e4tig. Zu den Hauptaktion\u00e4ren der ProCredit Holding AG &amp; Co. KGaA\u00a0geh\u00f6ren die strategischen Investoren Zeitinger Invest und ProCredit Staff Invest (umfasst\u00a0Investment-Vehikel f\u00fcr ProCredit-Mitarbeiter), die niederl\u00e4ndische DOEN Participaties B.V.,\u00a0die KfW und die IFC (Weltbankgruppe). Die ProCredit Holding AG &amp; Co. KGaA unterliegt als\u00a0der Gruppe \u00fcbergeordnetes Unternehmen im Sinne des Kreditwesengesetzes der\u00a0Bundesrepublik Deutschland auf konsolidierter Ebene der Aufsicht durch die Bundesanstalt\u00a0f\u00fcr Finanzdienstleistungsaufsicht (BaFin) und durch die Deutsche Bundesbank.\u00a0Weiterf\u00fchrende Informationen erhalten Sie unter www.procredit-holding.com.<\/p>\n<p><strong>Pressekontakt:<\/strong><br \/>\n<strong>EIF<\/strong>: David Yormesor, E-Mail: <a href=\"mailto:d.yormesor@eif.org\">d.yormesor@eif.org<\/a>, Tel.: +352 42 66 88 346,<\/p>\n<p><strong>ProCredit Holding:<\/strong> Andrea Kaufmann, E-Mail: <a href=\"mailto:Andrea.Kaufmann@procredit-group.com\">Andrea.Kaufmann@procredit-group.com<\/a>,<br \/>\nTel.: +49 69 951 437 138<\/p>\n","protected":false},"excerpt":{"rendered":"<p>Der Europ\u00e4ische Investitionsfonds (EIF) und drei Tochterbanken der ProCredit Gruppe haben\u00a0Garantievereinbarungen zur Unterst\u00fctzung kleiner und mittlerer Unternehmen (KMU) im\u00a0Kosovo, in Serbien und der ehemaligen jugoslawischen Republik (ejR) Mazedonien\u00a0unterzeichnet. Dies wurde durch die, von der Europ\u00e4ischen Union finanzierte, Garantiefazilit\u00e4t\u00a0f\u00fcr den westlichen Balkan im Rahmen der Fazilit\u00e4t f\u00fcr Unternehmensentwicklung und\u00a0Innovation im westlichen Balkan (Western Balkans Enterprise Development &hellip; <\/p>\n<p class=\"link-more\"><a href=\"https:\/\/www.procredit-holding.com\/de\/2017\/02\/09\/eur-70m-smes-kosovo-serbia-former-yugoslav-republic-macedonia-western-balkans-enterprise-development-innovation-facility-2\/\" class=\"more-link\">Continue reading<span class=\"screen-reader-text\"> &#8220;70 Mio. EUR f\u00fcr KMU im Kosovo, in Serbien und in der ejR Mazedonien im Rahmen der Fazilit\u00e4t f\u00fcr Unternehmensentwicklung und Innovation im westlichen Balkan&#8221;<\/span><\/a><\/p>\n","protected":false},"author":5,"featured_media":0,"comment_status":"open","ping_status":"open","sticky":false,"template":"","format":"standard","meta":{"_acf_changed":false,"footnotes":""},"categories":[1,4],"tags":[],"class_list":["post-983","post","type-post","status-publish","format-standard","hentry","category-corporate-news","category-press-releases"],"acf":[],"yoast_head":"<!-- This site is optimized with the Yoast SEO plugin v27.5 - https:\/\/yoast.com\/product\/yoast-seo-wordpress\/ -->\n<title>70 Mio. EUR f\u00fcr KMU im Kosovo, in Serbien und in der ejR Mazedonien im Rahmen der Fazilit\u00e4t f\u00fcr Unternehmensentwicklung und Innovation im westlichen Balkan - PCH (DE)<\/title>\n<meta name=\"robots\" content=\"index, follow, max-snippet:-1, max-image-preview:large, max-video-preview:-1\" \/>\n<link rel=\"canonical\" href=\"https:\/\/www.procredit-holding.com\/de\/2017\/02\/09\/eur-70m-smes-kosovo-serbia-former-yugoslav-republic-macedonia-western-balkans-enterprise-development-innovation-facility-2\/\" \/>\n<meta property=\"og:locale\" content=\"en_US\" \/>\n<meta property=\"og:type\" content=\"article\" \/>\n<meta property=\"og:title\" content=\"70 Mio. EUR f\u00fcr KMU im Kosovo, in Serbien und in der ejR Mazedonien im Rahmen der Fazilit\u00e4t f\u00fcr Unternehmensentwicklung und Innovation im westlichen Balkan - PCH (DE)\" \/>\n<meta property=\"og:description\" content=\"Der Europ\u00e4ische Investitionsfonds (EIF) und drei Tochterbanken der ProCredit Gruppe haben\u00a0Garantievereinbarungen zur Unterst\u00fctzung kleiner und mittlerer Unternehmen (KMU) im\u00a0Kosovo, in Serbien und der ehemaligen jugoslawischen Republik (ejR) Mazedonien\u00a0unterzeichnet. Dies wurde durch die, von der Europ\u00e4ischen Union finanzierte, Garantiefazilit\u00e4t\u00a0f\u00fcr den westlichen Balkan im Rahmen der Fazilit\u00e4t f\u00fcr Unternehmensentwicklung und\u00a0Innovation im westlichen Balkan (Western Balkans Enterprise Development &hellip; Continue reading &quot;70 Mio. EUR f\u00fcr KMU im Kosovo, in Serbien und in der ejR Mazedonien im Rahmen der Fazilit\u00e4t f\u00fcr Unternehmensentwicklung und Innovation im westlichen Balkan&quot;\" \/>\n<meta property=\"og:url\" content=\"https:\/\/www.procredit-holding.com\/de\/2017\/02\/09\/eur-70m-smes-kosovo-serbia-former-yugoslav-republic-macedonia-western-balkans-enterprise-development-innovation-facility-2\/\" \/>\n<meta property=\"og:site_name\" content=\"PCH (DE)\" \/>\n<meta property=\"article:published_time\" content=\"2017-02-09T08:40:04+00:00\" \/>\n<meta property=\"article:modified_time\" content=\"2019-01-25T14:35:24+00:00\" \/>\n<meta name=\"author\" content=\"Regina Schrage\" \/>\n<meta name=\"twitter:card\" content=\"summary_large_image\" \/>\n<meta name=\"twitter:label1\" content=\"Written by\" \/>\n\t<meta name=\"twitter:data1\" content=\"Regina Schrage\" \/>\n\t<meta name=\"twitter:label2\" content=\"Est. reading time\" \/>\n\t<meta name=\"twitter:data2\" content=\"4 minutes\" \/>\n<script type=\"application\/ld+json\" class=\"yoast-schema-graph\">{\"@context\":\"https:\\\/\\\/schema.org\",\"@graph\":[{\"@type\":\"Article\",\"@id\":\"https:\\\/\\\/www.procredit-holding.com\\\/de\\\/2017\\\/02\\\/09\\\/eur-70m-smes-kosovo-serbia-former-yugoslav-republic-macedonia-western-balkans-enterprise-development-innovation-facility-2\\\/#article\",\"isPartOf\":{\"@id\":\"https:\\\/\\\/www.procredit-holding.com\\\/de\\\/2017\\\/02\\\/09\\\/eur-70m-smes-kosovo-serbia-former-yugoslav-republic-macedonia-western-balkans-enterprise-development-innovation-facility-2\\\/\"},\"author\":{\"name\":\"Regina Schrage\",\"@id\":\"https:\\\/\\\/www.procredit-holding.com\\\/de\\\/#\\\/schema\\\/person\\\/033336a148239125a0b67e3e0560bba8\"},\"headline\":\"70 Mio. EUR f\u00fcr KMU im Kosovo, in Serbien und in der ejR Mazedonien im Rahmen der Fazilit\u00e4t f\u00fcr Unternehmensentwicklung und Innovation im westlichen Balkan\",\"datePublished\":\"2017-02-09T08:40:04+00:00\",\"dateModified\":\"2019-01-25T14:35:24+00:00\",\"mainEntityOfPage\":{\"@id\":\"https:\\\/\\\/www.procredit-holding.com\\\/de\\\/2017\\\/02\\\/09\\\/eur-70m-smes-kosovo-serbia-former-yugoslav-republic-macedonia-western-balkans-enterprise-development-innovation-facility-2\\\/\"},\"wordCount\":783,\"commentCount\":0,\"publisher\":{\"@id\":\"https:\\\/\\\/www.procredit-holding.com\\\/de\\\/#organization\"},\"articleSection\":[\"Corporate News\",\"Pressemitteilungen\"],\"inLanguage\":\"en-US\",\"potentialAction\":[{\"@type\":\"CommentAction\",\"name\":\"Comment\",\"target\":[\"https:\\\/\\\/www.procredit-holding.com\\\/de\\\/2017\\\/02\\\/09\\\/eur-70m-smes-kosovo-serbia-former-yugoslav-republic-macedonia-western-balkans-enterprise-development-innovation-facility-2\\\/#respond\"]}]},{\"@type\":\"WebPage\",\"@id\":\"https:\\\/\\\/www.procredit-holding.com\\\/de\\\/2017\\\/02\\\/09\\\/eur-70m-smes-kosovo-serbia-former-yugoslav-republic-macedonia-western-balkans-enterprise-development-innovation-facility-2\\\/\",\"url\":\"https:\\\/\\\/www.procredit-holding.com\\\/de\\\/2017\\\/02\\\/09\\\/eur-70m-smes-kosovo-serbia-former-yugoslav-republic-macedonia-western-balkans-enterprise-development-innovation-facility-2\\\/\",\"name\":\"70 Mio. EUR f\u00fcr KMU im Kosovo, in Serbien und in der ejR Mazedonien im Rahmen der Fazilit\u00e4t f\u00fcr Unternehmensentwicklung und Innovation im westlichen Balkan - PCH (DE)\",\"isPartOf\":{\"@id\":\"https:\\\/\\\/www.procredit-holding.com\\\/de\\\/#website\"},\"datePublished\":\"2017-02-09T08:40:04+00:00\",\"dateModified\":\"2019-01-25T14:35:24+00:00\",\"breadcrumb\":{\"@id\":\"https:\\\/\\\/www.procredit-holding.com\\\/de\\\/2017\\\/02\\\/09\\\/eur-70m-smes-kosovo-serbia-former-yugoslav-republic-macedonia-western-balkans-enterprise-development-innovation-facility-2\\\/#breadcrumb\"},\"inLanguage\":\"en-US\",\"potentialAction\":[{\"@type\":\"ReadAction\",\"target\":[\"https:\\\/\\\/www.procredit-holding.com\\\/de\\\/2017\\\/02\\\/09\\\/eur-70m-smes-kosovo-serbia-former-yugoslav-republic-macedonia-western-balkans-enterprise-development-innovation-facility-2\\\/\"]}]},{\"@type\":\"BreadcrumbList\",\"@id\":\"https:\\\/\\\/www.procredit-holding.com\\\/de\\\/2017\\\/02\\\/09\\\/eur-70m-smes-kosovo-serbia-former-yugoslav-republic-macedonia-western-balkans-enterprise-development-innovation-facility-2\\\/#breadcrumb\",\"itemListElement\":[{\"@type\":\"ListItem\",\"position\":1,\"name\":\"Home\",\"item\":\"https:\\\/\\\/www.procredit-holding.com\\\/de\\\/\"},{\"@type\":\"ListItem\",\"position\":2,\"name\":\"70 Mio. EUR f\u00fcr KMU im Kosovo, in Serbien und in der ejR Mazedonien im Rahmen der Fazilit\u00e4t f\u00fcr Unternehmensentwicklung und Innovation im westlichen Balkan\"}]},{\"@type\":\"WebSite\",\"@id\":\"https:\\\/\\\/www.procredit-holding.com\\\/de\\\/#website\",\"url\":\"https:\\\/\\\/www.procredit-holding.com\\\/de\\\/\",\"name\":\"ProCredit Holding (de)\",\"description\":\"An international development-oriented commercial banking group\",\"publisher\":{\"@id\":\"https:\\\/\\\/www.procredit-holding.com\\\/de\\\/#organization\"},\"potentialAction\":[{\"@type\":\"SearchAction\",\"target\":{\"@type\":\"EntryPoint\",\"urlTemplate\":\"https:\\\/\\\/www.procredit-holding.com\\\/de\\\/?s={search_term_string}\"},\"query-input\":{\"@type\":\"PropertyValueSpecification\",\"valueRequired\":true,\"valueName\":\"search_term_string\"}}],\"inLanguage\":\"en-US\"},{\"@type\":\"Organization\",\"@id\":\"https:\\\/\\\/www.procredit-holding.com\\\/de\\\/#organization\",\"name\":\"ProCredit Holding AG\",\"url\":\"https:\\\/\\\/www.procredit-holding.com\\\/de\\\/\",\"logo\":{\"@type\":\"ImageObject\",\"inLanguage\":\"en-US\",\"@id\":\"https:\\\/\\\/www.procredit-holding.com\\\/de\\\/#\\\/schema\\\/logo\\\/image\\\/\",\"url\":\"https:\\\/\\\/www.procredit-holding.com\\\/de\\\/wp-content\\\/uploads\\\/sites\\\/2\\\/2017\\\/05\\\/logo-pch.png\",\"contentUrl\":\"https:\\\/\\\/www.procredit-holding.com\\\/de\\\/wp-content\\\/uploads\\\/sites\\\/2\\\/2017\\\/05\\\/logo-pch.png\",\"width\":265,\"height\":90,\"caption\":\"ProCredit Holding AG\"},\"image\":{\"@id\":\"https:\\\/\\\/www.procredit-holding.com\\\/de\\\/#\\\/schema\\\/logo\\\/image\\\/\"},\"sameAs\":[\"https:\\\/\\\/www.linkedin.com\\\/company\\\/procredit-holding\"]},{\"@type\":\"Person\",\"@id\":\"https:\\\/\\\/www.procredit-holding.com\\\/de\\\/#\\\/schema\\\/person\\\/033336a148239125a0b67e3e0560bba8\",\"name\":\"Regina Schrage\",\"image\":{\"@type\":\"ImageObject\",\"inLanguage\":\"en-US\",\"@id\":\"https:\\\/\\\/secure.gravatar.com\\\/avatar\\\/98e4455a7ff3b4c35a9b003a4ca039a2b264a0c1ef1345f0e8cec7ff30b83595?s=96&d=mm&r=g\",\"url\":\"https:\\\/\\\/secure.gravatar.com\\\/avatar\\\/98e4455a7ff3b4c35a9b003a4ca039a2b264a0c1ef1345f0e8cec7ff30b83595?s=96&d=mm&r=g\",\"contentUrl\":\"https:\\\/\\\/secure.gravatar.com\\\/avatar\\\/98e4455a7ff3b4c35a9b003a4ca039a2b264a0c1ef1345f0e8cec7ff30b83595?s=96&d=mm&r=g\",\"caption\":\"Regina Schrage\"},\"url\":\"https:\\\/\\\/www.procredit-holding.com\\\/de\\\/author\\\/rschrage\\\/\"}]}<\/script>\n<!-- \/ Yoast SEO plugin. -->","yoast_head_json":{"title":"70 Mio. EUR f\u00fcr KMU im Kosovo, in Serbien und in der ejR Mazedonien im Rahmen der Fazilit\u00e4t f\u00fcr Unternehmensentwicklung und Innovation im westlichen Balkan - PCH (DE)","robots":{"index":"index","follow":"follow","max-snippet":"max-snippet:-1","max-image-preview":"max-image-preview:large","max-video-preview":"max-video-preview:-1"},"canonical":"https:\/\/www.procredit-holding.com\/de\/2017\/02\/09\/eur-70m-smes-kosovo-serbia-former-yugoslav-republic-macedonia-western-balkans-enterprise-development-innovation-facility-2\/","og_locale":"en_US","og_type":"article","og_title":"70 Mio. EUR f\u00fcr KMU im Kosovo, in Serbien und in der ejR Mazedonien im Rahmen der Fazilit\u00e4t f\u00fcr Unternehmensentwicklung und Innovation im westlichen Balkan - PCH (DE)","og_description":"Der Europ\u00e4ische Investitionsfonds (EIF) und drei Tochterbanken der ProCredit Gruppe haben\u00a0Garantievereinbarungen zur Unterst\u00fctzung kleiner und mittlerer Unternehmen (KMU) im\u00a0Kosovo, in Serbien und der ehemaligen jugoslawischen Republik (ejR) Mazedonien\u00a0unterzeichnet. Dies wurde durch die, von der Europ\u00e4ischen Union finanzierte, Garantiefazilit\u00e4t\u00a0f\u00fcr den westlichen Balkan im Rahmen der Fazilit\u00e4t f\u00fcr Unternehmensentwicklung und\u00a0Innovation im westlichen Balkan (Western Balkans Enterprise Development &hellip; Continue reading \"70 Mio. EUR f\u00fcr KMU im Kosovo, in Serbien und in der ejR Mazedonien im Rahmen der Fazilit\u00e4t f\u00fcr Unternehmensentwicklung und Innovation im westlichen Balkan\"","og_url":"https:\/\/www.procredit-holding.com\/de\/2017\/02\/09\/eur-70m-smes-kosovo-serbia-former-yugoslav-republic-macedonia-western-balkans-enterprise-development-innovation-facility-2\/","og_site_name":"PCH (DE)","article_published_time":"2017-02-09T08:40:04+00:00","article_modified_time":"2019-01-25T14:35:24+00:00","author":"Regina Schrage","twitter_card":"summary_large_image","twitter_misc":{"Written by":"Regina Schrage","Est. reading time":"4 minutes"},"schema":{"@context":"https:\/\/schema.org","@graph":[{"@type":"Article","@id":"https:\/\/www.procredit-holding.com\/de\/2017\/02\/09\/eur-70m-smes-kosovo-serbia-former-yugoslav-republic-macedonia-western-balkans-enterprise-development-innovation-facility-2\/#article","isPartOf":{"@id":"https:\/\/www.procredit-holding.com\/de\/2017\/02\/09\/eur-70m-smes-kosovo-serbia-former-yugoslav-republic-macedonia-western-balkans-enterprise-development-innovation-facility-2\/"},"author":{"name":"Regina Schrage","@id":"https:\/\/www.procredit-holding.com\/de\/#\/schema\/person\/033336a148239125a0b67e3e0560bba8"},"headline":"70 Mio. EUR f\u00fcr KMU im Kosovo, in Serbien und in der ejR Mazedonien im Rahmen der Fazilit\u00e4t f\u00fcr Unternehmensentwicklung und Innovation im westlichen Balkan","datePublished":"2017-02-09T08:40:04+00:00","dateModified":"2019-01-25T14:35:24+00:00","mainEntityOfPage":{"@id":"https:\/\/www.procredit-holding.com\/de\/2017\/02\/09\/eur-70m-smes-kosovo-serbia-former-yugoslav-republic-macedonia-western-balkans-enterprise-development-innovation-facility-2\/"},"wordCount":783,"commentCount":0,"publisher":{"@id":"https:\/\/www.procredit-holding.com\/de\/#organization"},"articleSection":["Corporate News","Pressemitteilungen"],"inLanguage":"en-US","potentialAction":[{"@type":"CommentAction","name":"Comment","target":["https:\/\/www.procredit-holding.com\/de\/2017\/02\/09\/eur-70m-smes-kosovo-serbia-former-yugoslav-republic-macedonia-western-balkans-enterprise-development-innovation-facility-2\/#respond"]}]},{"@type":"WebPage","@id":"https:\/\/www.procredit-holding.com\/de\/2017\/02\/09\/eur-70m-smes-kosovo-serbia-former-yugoslav-republic-macedonia-western-balkans-enterprise-development-innovation-facility-2\/","url":"https:\/\/www.procredit-holding.com\/de\/2017\/02\/09\/eur-70m-smes-kosovo-serbia-former-yugoslav-republic-macedonia-western-balkans-enterprise-development-innovation-facility-2\/","name":"70 Mio. EUR f\u00fcr KMU im Kosovo, in Serbien und in der ejR Mazedonien im Rahmen der Fazilit\u00e4t f\u00fcr Unternehmensentwicklung und Innovation im westlichen Balkan - PCH (DE)","isPartOf":{"@id":"https:\/\/www.procredit-holding.com\/de\/#website"},"datePublished":"2017-02-09T08:40:04+00:00","dateModified":"2019-01-25T14:35:24+00:00","breadcrumb":{"@id":"https:\/\/www.procredit-holding.com\/de\/2017\/02\/09\/eur-70m-smes-kosovo-serbia-former-yugoslav-republic-macedonia-western-balkans-enterprise-development-innovation-facility-2\/#breadcrumb"},"inLanguage":"en-US","potentialAction":[{"@type":"ReadAction","target":["https:\/\/www.procredit-holding.com\/de\/2017\/02\/09\/eur-70m-smes-kosovo-serbia-former-yugoslav-republic-macedonia-western-balkans-enterprise-development-innovation-facility-2\/"]}]},{"@type":"BreadcrumbList","@id":"https:\/\/www.procredit-holding.com\/de\/2017\/02\/09\/eur-70m-smes-kosovo-serbia-former-yugoslav-republic-macedonia-western-balkans-enterprise-development-innovation-facility-2\/#breadcrumb","itemListElement":[{"@type":"ListItem","position":1,"name":"Home","item":"https:\/\/www.procredit-holding.com\/de\/"},{"@type":"ListItem","position":2,"name":"70 Mio. EUR f\u00fcr KMU im Kosovo, in Serbien und in der ejR Mazedonien im Rahmen der Fazilit\u00e4t f\u00fcr Unternehmensentwicklung und Innovation im westlichen Balkan"}]},{"@type":"WebSite","@id":"https:\/\/www.procredit-holding.com\/de\/#website","url":"https:\/\/www.procredit-holding.com\/de\/","name":"ProCredit Holding (de)","description":"An international development-oriented commercial banking group","publisher":{"@id":"https:\/\/www.procredit-holding.com\/de\/#organization"},"potentialAction":[{"@type":"SearchAction","target":{"@type":"EntryPoint","urlTemplate":"https:\/\/www.procredit-holding.com\/de\/?s={search_term_string}"},"query-input":{"@type":"PropertyValueSpecification","valueRequired":true,"valueName":"search_term_string"}}],"inLanguage":"en-US"},{"@type":"Organization","@id":"https:\/\/www.procredit-holding.com\/de\/#organization","name":"ProCredit Holding AG","url":"https:\/\/www.procredit-holding.com\/de\/","logo":{"@type":"ImageObject","inLanguage":"en-US","@id":"https:\/\/www.procredit-holding.com\/de\/#\/schema\/logo\/image\/","url":"https:\/\/www.procredit-holding.com\/de\/wp-content\/uploads\/sites\/2\/2017\/05\/logo-pch.png","contentUrl":"https:\/\/www.procredit-holding.com\/de\/wp-content\/uploads\/sites\/2\/2017\/05\/logo-pch.png","width":265,"height":90,"caption":"ProCredit Holding AG"},"image":{"@id":"https:\/\/www.procredit-holding.com\/de\/#\/schema\/logo\/image\/"},"sameAs":["https:\/\/www.linkedin.com\/company\/procredit-holding"]},{"@type":"Person","@id":"https:\/\/www.procredit-holding.com\/de\/#\/schema\/person\/033336a148239125a0b67e3e0560bba8","name":"Regina Schrage","image":{"@type":"ImageObject","inLanguage":"en-US","@id":"https:\/\/secure.gravatar.com\/avatar\/98e4455a7ff3b4c35a9b003a4ca039a2b264a0c1ef1345f0e8cec7ff30b83595?s=96&d=mm&r=g","url":"https:\/\/secure.gravatar.com\/avatar\/98e4455a7ff3b4c35a9b003a4ca039a2b264a0c1ef1345f0e8cec7ff30b83595?s=96&d=mm&r=g","contentUrl":"https:\/\/secure.gravatar.com\/avatar\/98e4455a7ff3b4c35a9b003a4ca039a2b264a0c1ef1345f0e8cec7ff30b83595?s=96&d=mm&r=g","caption":"Regina Schrage"},"url":"https:\/\/www.procredit-holding.com\/de\/author\/rschrage\/"}]}},"_links":{"self":[{"href":"https:\/\/www.procredit-holding.com\/de\/wp-json\/wp\/v2\/posts\/983","targetHints":{"allow":["GET"]}}],"collection":[{"href":"https:\/\/www.procredit-holding.com\/de\/wp-json\/wp\/v2\/posts"}],"about":[{"href":"https:\/\/www.procredit-holding.com\/de\/wp-json\/wp\/v2\/types\/post"}],"author":[{"embeddable":true,"href":"https:\/\/www.procredit-holding.com\/de\/wp-json\/wp\/v2\/users\/5"}],"replies":[{"embeddable":true,"href":"https:\/\/www.procredit-holding.com\/de\/wp-json\/wp\/v2\/comments?post=983"}],"version-history":[{"count":11,"href":"https:\/\/www.procredit-holding.com\/de\/wp-json\/wp\/v2\/posts\/983\/revisions"}],"predecessor-version":[{"id":4290,"href":"https:\/\/www.procredit-holding.com\/de\/wp-json\/wp\/v2\/posts\/983\/revisions\/4290"}],"wp:attachment":[{"href":"https:\/\/www.procredit-holding.com\/de\/wp-json\/wp\/v2\/media?parent=983"}],"wp:term":[{"taxonomy":"category","embeddable":true,"href":"https:\/\/www.procredit-holding.com\/de\/wp-json\/wp\/v2\/categories?post=983"},{"taxonomy":"post_tag","embeddable":true,"href":"https:\/\/www.procredit-holding.com\/de\/wp-json\/wp\/v2\/tags?post=983"}],"curies":[{"name":"wp","href":"https:\/\/api.w.org\/{rel}","templated":true}]}}